{"id":353,"date":"2015-02-06T06:00:00","date_gmt":"2015-02-06T06:00:00","guid":{"rendered":"http:\/\/plazajuarez.mx\/index\/index.php\/2015\/02\/06\/presentan-a-funcionarios-de-la-region-pero-en-pachuca\/"},"modified":"2015-02-06T06:00:00","modified_gmt":"2015-02-06T06:00:00","slug":"presentan-a-funcionarios-de-la-region-pero-en-pachuca","status":"publish","type":"post","link":"https:\/\/plazajuarez.mx\/historico\/presentan-a-funcionarios-de-la-region-pero-en-pachuca\/","title":{"rendered":"Presentan a funcionarios de  la regi\u00f3n\u2026 pero en Pachuca"},"content":{"rendered":"<p><strong>Valle del Mezquital<\/strong><\/p>\n<ul>\n<li><strong>La presentaci\u00f3n estaba programada para realizarse en Ixmiquilpan, pero a \u00faltima hora se cambi\u00f3 la sede<\/strong><\/li>\n<li><strong>Oficialmente Alejandro Ram\u00edrez Furiati es el nuevo Subsecretario de la regi\u00f3n del Mezquital<\/strong><\/li>\n<li><strong><strong>\u00c1lvaro Mera es director regional<\/strong><\/strong> <!--more--> <\/li>\n<\/ul>\n<p>Ayer fueron presentados de manera oficial, Alejandro Ram\u00edrez Furiati, como nuevo Subsecretario de Gobernaci\u00f3n en la regi\u00f3n del Mezquital y \u00c1lvaro Mera quien ahora ocupar\u00e1 el cargo de director regional de la misma dependencia en Ixmiquilpan.<\/p>\n<p>El evento que estaba programado para realizarse en Ixmiquilpan, fue cambiado de \u00faltima hora a la ciudad de Pachuca, en el palacio de Gobierno, donde fueron presentados ambos funcionarios por el Subsecretario, Alberto Escamilla Vital.<\/p>\n<p>Ram\u00edrez Furiati, en su mensaje, se comprometi\u00f3 a cumplir con los lineamientos del gobierno de Hidalgo para atender los problemas sociales que existen en la regi\u00f3n, de los que sostuvo se van a conducir por la v\u00eda del di\u00e1logo.<\/p>\n<p>Sostuvo que la Subsecretar\u00eda a su cargo, ser\u00e1 garante del respeto a los derechos humanos y el estado de derecho. Puntualiz\u00f3 en este sentido, que buscar\u00e1 un di\u00e1logo con todos los sectores del Mezquital.<\/p>\n<p>Adem\u00e1s, ofreci\u00f3 un trato y relaci\u00f3n, institucional con todos los presidentes municipales, con quienes dijo, se atender\u00e1n los problemas que existan en la regi\u00f3n. El tema de la gobernabilidad y la paz social, son el eje central de sus funciones, raz\u00f3n por la que ofreci\u00f3, disposici\u00f3n, tiempo y capacidad para conseguir que estas premisas se consigan en la regi\u00f3n, que reconoci\u00f3 como dif\u00edcil.<\/p>\n<p>En este mismo sentido, se pronunci\u00f3 \u00c1lvaro Mera, quien ahora es el nuevo director regional de Gobernaci\u00f3n para los municipios de Ixmiquilpan, El Cardonal, Chilcuautla y Alfajayucan, donde atender\u00e1 conjuntamente con la Subsecretar\u00eda, los problemas sociales que se registren y que requieren atenci\u00f3n.<\/p>\n<p>Gerardo Canales Vald\u00e9s, quien ahora ocupar\u00e1 la misma Subsecretar\u00eda en Huejutla y Elmer C\u00e9spedes Galindo que ser\u00e1 director de Gobernaci\u00f3n en Tula, subrayaron los resultados en materia de paz social en esta regi\u00f3n, por lo que recomendaron mantener la misma l\u00ednea de acciones que realiza el gobierno del estado.<\/p>\n","protected":false},"excerpt":{"rendered":"<p>Valle del Mezquital La presentaci\u00f3n estaba programada para realizarse en Ixmiquilpan, pero a \u00faltima hora se cambi\u00f3 la sede Oficialmente Alejandro Ram\u00edrez Furiati es el nuevo Subsecretario de la regi\u00f3n del Mezquital \u00c1lvaro Mera es director regional<\/p>\n","protected":false},"author":93,"featured_media":0,"comment_status":"open","ping_status":"open","sticky":false,"template":"","format":"standard","meta":{"footnotes":""},"categories":[40],"tags":[],"class_list":["post-353","post","type-post","status-publish","format-standard","hentry","category-region"],"_links":{"self":[{"href":"https:\/\/plazajuarez.mx\/historico\/wp-json\/wp\/v2\/posts\/353","targetHints":{"allow":["GET"]}}],"collection":[{"href":"https:\/\/plazajuarez.mx\/historico\/wp-json\/wp\/v2\/posts"}],"about":[{"href":"https:\/\/plazajuarez.mx\/historico\/wp-json\/wp\/v2\/types\/post"}],"author":[{"embeddable":true,"href":"https:\/\/plazajuarez.mx\/historico\/wp-json\/wp\/v2\/users\/93"}],"replies":[{"embeddable":true,"href":"https:\/\/plazajuarez.mx\/historico\/wp-json\/wp\/v2\/comments?post=353"}],"version-history":[{"count":0,"href":"https:\/\/plazajuarez.mx\/historico\/wp-json\/wp\/v2\/posts\/353\/revisions"}],"wp:attachment":[{"href":"https:\/\/plazajuarez.mx\/historico\/wp-json\/wp\/v2\/media?parent=353"}],"wp:term":[{"taxonomy":"category","embeddable":true,"href":"https:\/\/plazajuarez.mx\/historico\/wp-json\/wp\/v2\/categories?post=353"},{"taxonomy":"post_tag","embeddable":true,"href":"https:\/\/plazajuarez.mx\/historico\/wp-json\/wp\/v2\/tags?post=353"}],"curies":[{"name":"wp","href":"https:\/\/api.w.org\/{rel}","templated":true}]}}