{"id":35278,"date":"2017-01-23T15:48:30","date_gmt":"2017-01-23T15:48:30","guid":{"rendered":"http:\/\/plazajuarez.mx\/index\/index.php\/2017\/01\/23\/los-festejos-por-los-100-anos-de-la-carta-magna\/"},"modified":"2017-01-23T15:48:30","modified_gmt":"2017-01-23T15:48:30","slug":"los-festejos-por-los-100-anos-de-la-carta-magna","status":"publish","type":"post","link":"https:\/\/plazajuarez.mx\/historico\/los-festejos-por-los-100-anos-de-la-carta-magna\/","title":{"rendered":"Los festejos por los 100 a\u00f1os de la Carta Magna"},"content":{"rendered":"<p dir=\"ltr\" style=\"line-height: 1.295; margin-top: 0pt; margin-bottom: 8pt;\"><span style=\"font-size: 14.666666666666666px; font-family: Calibri; color: #000000; background-color: transparent; font-weight: 400; font-style: normal; font-variant: normal; text-decoration: none; vertical-align: baseline;\">Para conmemorar el centenario de la Constituci\u00f3n Mexicana, promulgada el 5 de febrero de 1917 en el Teatro de la Rep\u00fablica en Quer\u00e9taro, el gobierno federal y diversas instituciones culturales alistan una serie de actividades, como exposiciones, conciertos, publicaciones, as\u00ed como ceremonias c\u00edvicas y solemnes.<\/span><\/p>\n<p>  <!--more-->  <\/p>\n<p dir=\"ltr\" style=\"line-height: 1.295; margin-top: 0pt; margin-bottom: 8pt;\"><span style=\"font-size: 14.666666666666666px; font-family: Calibri; color: #000000; background-color: transparent; font-weight: 400; font-style: normal; font-variant: normal; text-decoration: none; vertical-align: baseline;\">El evento estelar ser\u00e1 la sesi\u00f3n solemne que se realizar\u00e1 el domingo 5 de febrero en el recinto queretano donde hace un siglo 219 constituyente se reunieron para dar forma a la Carta Magna que hoy nos rige. En la ceremonia, explica la historiadora Patricia Galeana, secretaria t\u00e9cnica del Comit\u00e9 para la Conmemoraci\u00f3n del Centenario de la Constituci\u00f3n Pol\u00edtica de los Estados Unidos Mexicanos, participar\u00e1n los tres niveles de gobierno, se develar\u00e1 una placa conmemorativa y el presidente Enrique Pe\u00f1a Nieto recibir\u00e1 de manera simb\u00f3lica las escrituras de ese inmueble hist\u00f3rico que hasta el a\u00f1o pasado pertenec\u00eda a la Fundaci\u00f3n Josefina Vergara y Hern\u00e1ndez.<\/span><\/p>\n<p dir=\"ltr\" style=\"line-height: 1.295; margin-top: 0pt; margin-bottom: 8pt;\"><span style=\"font-size: 14.666666666666666px; font-family: Calibri; color: #000000; background-color: transparent; font-weight: 400; font-style: normal; font-variant: normal; text-decoration: none; vertical-align: baseline;\">El teatro fue adquirido por 100 millones de pesos etiquetados en el Presupuesto de Egresos 2017. Actualmente est\u00e1 en proceso de remodelaci\u00f3n y restauraci\u00f3n con el prop\u00f3sito de tenerlo listo para el gran festejo del 5 de febrero pr\u00f3ximo. Para estos trabajos se destinaron otros 30 millones.<\/span><\/p>\n<p dir=\"ltr\" style=\"line-height: 1.295; margin-top: 0pt; margin-bottom: 8pt;\"><span style=\"font-size: 14.666666666666666px; font-family: Calibri; color: #000000; background-color: transparent; font-weight: 400; font-style: normal; font-variant: normal; text-decoration: none; vertical-align: baseline;\">En la Ciudad de M\u00e9xico, el Palacio Nacional abrir\u00e1 a partir del 5 de febrero una magna exposici\u00f3n conmemorativa en la que se exhibir\u00e1, entre otras joyas documentales, los originales de la Constituci\u00f3n de 1917, del Acta de Independencia de M\u00e9xico, los Sentimientos de la Naci\u00f3n, as\u00ed como las constituciones de 1814, 1824 y 1857. Estos documentos resguardados en el Archivo General de la Naci\u00f3n (AGN) comenzaron a ser trasladados la semana pasada desde el Palacio de Lecumberri a Palacio Nacional, donde ser\u00e1n exhibidos bajo medidas estrictas de seguridad y conservaci\u00f3n. La muestra incluir\u00e1 unos 300 textos y materiales de otros acervos hist\u00f3ricos, como de la Mapoteca Manuel Orozco y Berra. Estar\u00e1 disponible hasta el 17 de septiembre.<\/span><\/p>\n<p dir=\"ltr\" style=\"line-height: 1.295; margin-top: 0pt; margin-bottom: 8pt;\"><span style=\"font-size: 14.666666666666666px; font-family: Calibri; color: #000000; background-color: transparent; font-weight: 400; font-style: normal; font-variant: normal; text-decoration: none; vertical-align: baseline;\">Por su parte, el Instituto Nacional de Antropolog\u00eda e Historia (INAH) alista dos exposiciones para unirse al festejo de la Carta Magna, una en el Museo Nacional de Antropolog\u00eda y otra en el Museo de Historia, Castillo de Chapultepec. Por ahora, el instituto no ha dado m\u00e1s detalles sobre las fechas de apertura y su contenido.<\/span><\/p>\n<p dir=\"ltr\" style=\"line-height: 1.295; margin-top: 0pt; margin-bottom: 8pt;\"><span style=\"font-size: 14.666666666666666px; font-family: Calibri; color: #000000; background-color: transparent; font-weight: 400; font-style: normal; font-variant: normal; text-decoration: none; vertical-align: baseline;\">A lo largo del a\u00f1o, en los diversos estados del pa\u00eds tambi\u00e9n se exhibir\u00e1n ediciones facsimilares de la Carta Magna. \u201cEl se\u00f1or Presidente entregar\u00e1 a los gobernadores de cada uno de los estados un facs\u00edmil para que lo exhiban en el edificio que consideren m\u00e1s emblem\u00e1tico en sus capitales con el fin de que todas las personas puedan ver el ejemplar\u201d, se\u00f1ala la tambi\u00e9n directora del Instituto Nacional de Estudios Hist\u00f3ricos de las Revoluciones de M\u00e9xico (INEHRM).<\/span><\/p>\n<p dir=\"ltr\" style=\"line-height: 1.295; margin-top: 0pt; margin-bottom: 8pt;\"><span style=\"font-size: 14.666666666666666px; font-family: Calibri; color: #000000; background-color: transparent; font-weight: 400; font-style: normal; font-variant: normal; text-decoration: none; vertical-align: baseline;\">La realizaci\u00f3n de estas copias se hizo bajo la supervisi\u00f3n de especialistas del AGN y fueron impresas en los Talleres Gr\u00e1ficos de la Naci\u00f3n.<\/span><\/p>\n<p dir=\"ltr\" style=\"line-height: 1.295; margin-top: 0pt; margin-bottom: 8pt;\"><span style=\"font-size: 14.666666666666666px; font-family: Calibri; color: #000000; background-color: transparent; font-weight: 400; font-style: normal; font-variant: normal; text-decoration: none; vertical-align: baseline;\">En el Palacio de Bellas Artes, el 3 y 5 de febrero, la Orquesta Sinf\u00f3nica Nacional ofrecer\u00e1 conciertos conmemorativos con un programa que incluir\u00e1 piezas como la \u201cObertura Republicana\u201d, de Carlos Ch\u00e1vez; \u201cLa Coronela\u201d, de Silvestre Revueltas y \u201cConcierto para viol\u00edn\u201d, de Edward Elgar. El concierto del viernes 3 ser\u00e1 a las 20 horas y la del domingo 5, a las 12:15 horas.<\/span><\/p>\n<p dir=\"ltr\" style=\"line-height: 1.295; margin-top: 0pt; margin-bottom: 8pt;\"><span style=\"font-size: 14.666666666666666px; font-family: Calibri; color: #000000; background-color: transparent; font-weight: 400; font-style: normal; font-variant: normal; text-decoration: none; vertical-align: baseline;\">Recuperan tumbas. En el Pante\u00f3n Civil de Dolores de la ciudad, familiares y descendientes de los Constituyentes de 1917, junto con autoridades locales y federales, llevar\u00e1n a cabo el 4 de febrero una ceremonia c\u00edvica en el lote donde est\u00e1n las tumbas de al menos un centenar de los diputados.<\/span><\/p>\n<p dir=\"ltr\" style=\"line-height: 1.295; margin-top: 0pt; margin-bottom: 8pt;\"><span style=\"font-size: 14.666666666666666px; font-family: Calibri; color: #000000; background-color: transparent; font-weight: 400; font-style: normal; font-variant: normal; text-decoration: none; vertical-align: baseline;\">Patricia Galeana comenta que previo a esta ceremonia c\u00edvica, la Secretar\u00eda de Cultura, a trav\u00e9s de su direcci\u00f3n de Sitios y Monumentos, se ha dado a la tarea de remozar ese lote que re\u00fane los restos de 109 de los 219 diputados constituyentes. \u201cNo tenemos los restos de todos, pero s\u00ed es un n\u00famero muy significativo. Algunos est\u00e1n en su lugar de origen o hay otros como Heriberto Jara que dispuso que sus cenizas se echaran al mar\u201d, explica.<\/span><\/p>\n<p dir=\"ltr\" style=\"line-height: 1.295; margin-top: 0pt; margin-bottom: 8pt;\"><span style=\"font-size: 14.666666666666666px; font-family: Calibri; color: #000000; background-color: transparent; font-weight: 400; font-style: normal; font-variant: normal; text-decoration: none; vertical-align: baseline;\">La historiadora recuerda que este lote ha sido propiedad de la Asociaci\u00f3n de Hijos de Diputados Constituyentes de 1917 A.C. desde 1936. Dicha organizaci\u00f3n civil fue creada en 1926 por los mismos miembros del Congreso Constituyente de Quer\u00e9taro y actualmente se dedica a \u201chonrar la memoria\u201d de quienes fueron los encargados de elaborar este documento centenario.<\/span><\/p>\n<p dir=\"ltr\" style=\"line-height: 1.295; margin-top: 0pt; margin-bottom: 8pt;\"><span style=\"font-size: 14.666666666666666px; font-family: Calibri; color: #000000; background-color: transparent; font-weight: 400; font-style: normal; font-variant: normal; text-decoration: none; vertical-align: baseline;\">Galeana destaca que los trabajos de remodelaci\u00f3n en esta \u00e1rea del Pante\u00f3n de Dolores eran sumamente necesarios, ya que muchas de las tumbas hab\u00edan permanecido en el abandono y sin atenci\u00f3n alguna debido a que algunos de los descendientes ya no viven en la ciudad y dejaron de atenderlas. \u201cTodo esto se va a remozar y estar\u00e1 listo para la ceremonia del 4 de febrero. Ser\u00e1 una forma de rendirles homenaje a los diputados\u201d, dice.<\/span><\/p>\n<p dir=\"ltr\" style=\"line-height: 1.295; margin-top: 0pt; margin-bottom: 8pt;\"><span style=\"font-size: 14.666666666666666px; font-family: Calibri; color: #000000; background-color: transparent; font-weight: 400; font-style: normal; font-variant: normal; text-decoration: none; vertical-align: baseline;\">Publicaciones y encuentros. Desde el a\u00f1o pasado, el INEHRM lanz\u00f3 la colecci\u00f3n Biblioteca Constitucional con el fin de reunir las obras cl\u00e1sicas y nuevas investigaciones en torno a la Carta Magna. Esta colecci\u00f3n, explica Galeana, sumar\u00e1 m\u00e1s de 100 t\u00edtulos. Entre otros est\u00e1 una versi\u00f3n corregida del \u201cDiario de los debates del Congreso Constituyente 1916-1917\u201d, as\u00ed como una segunda reimpresi\u00f3n del libro F\u00e9lix F. Palavicini. \u201cConstituyente de 1917\u201d, de Evelia Trejo Estrada, que ha sido uno de los libros m\u00e1s buscados de esta colecci\u00f3n. \u201cHay obras agotadas que son fuentes indispensables, ahora el p\u00fablico puede tenerlas en el formato que prefiera, en la versi\u00f3n electr\u00f3nica o en forma f\u00edsica en la librer\u00edas\u201d, asegura.<\/span><\/p>\n<p dir=\"ltr\" style=\"line-height: 1.295; margin-top: 0pt; margin-bottom: 8pt;\"><span style=\"font-size: 14.666666666666666px; font-family: Calibri; color: #000000; background-color: transparent; font-weight: 400; font-style: normal; font-variant: normal; text-decoration: none; vertical-align: baseline;\">Algunos de estos libros se pueden consultar en el portal oficial de la conmemoraci\u00f3n que ya est\u00e1 en l\u00ednea: \u201cwww.constitucion1917. com.mx\u201d.<\/span><\/p>\n<p dir=\"ltr\" style=\"line-height: 1.295; margin-top: 0pt; margin-bottom: 8pt;\"><span style=\"font-size: 14.666666666666666px; font-family: Calibri; color: #000000; background-color: transparent; font-weight: 400; font-style: normal; font-variant: normal; text-decoration: none; vertical-align: baseline;\">Adem\u00e1s, a\u00f1ade la historiadora, se ha comenzado a trabajar en ediciones traducidas de la Constituci\u00f3n a algunas de las principales lenguas ind\u00edgenas del pa\u00eds, como el n\u00e1huatl, el zapoteco, el mixteco y el maya.<\/span><\/p>\n<p dir=\"ltr\" style=\"line-height: 1.295; margin-top: 0pt; margin-bottom: 8pt;\"><span style=\"font-size: 14.666666666666666px; font-family: Calibri; color: #000000; background-color: transparent; font-weight: 400; font-style: normal; font-variant: normal; text-decoration: none; vertical-align: baseline;\">En diversas universidades e institutos del pa\u00eds tambi\u00e9n se realizar\u00e1n coloquios y encuentros para reflexionar sobre la Constituci\u00f3n y su contenido. El INEHRM, adelanta su directora, alista un seminario internacional en el que participar\u00e1n constitucionalistas y especialistas de M\u00e9xico y Alemania, ya que despu\u00e9s de la Constituci\u00f3n Mexicana de 1917, la segunda en incorporar los derechos sociales es la de Weimar de 1919. \u201cVamos a reflexionar sobre las convergencias y divergencias que hubo en cuanto a legislaci\u00f3n social en estas dos constituciones que fueron pioneras en la materia\u201d, comenta. El gobierno federal tambi\u00e9n emitir\u00e1 una estampilla postal, un billete de Loter\u00eda y una moneda conmemorativa.<\/span><\/p>\n","protected":false},"excerpt":{"rendered":"<p>Para conmemorar el centenario de la Constituci\u00f3n Mexicana, promulgada el 5 de febrero de 1917 en el Teatro de la Rep\u00fablica en Quer\u00e9taro, el gobierno federal y diversas instituciones culturales alistan una serie de actividades, como exposiciones, conciertos, publicaciones, as\u00ed como ceremonias c\u00edvicas y solemnes.<\/p>\n","protected":false},"author":3,"featured_media":0,"comment_status":"open","ping_status":"open","sticky":false,"template":"","format":"standard","meta":{"footnotes":""},"categories":[41],"tags":[],"class_list":["post-35278","post","type-post","status-publish","format-standard","hentry","category-arteria-cultural"],"_links":{"self":[{"href":"https:\/\/plazajuarez.mx\/historico\/wp-json\/wp\/v2\/posts\/35278","targetHints":{"allow":["GET"]}}],"collection":[{"href":"https:\/\/plazajuarez.mx\/historico\/wp-json\/wp\/v2\/posts"}],"about":[{"href":"https:\/\/plazajuarez.mx\/historico\/wp-json\/wp\/v2\/types\/post"}],"author":[{"embeddable":true,"href":"https:\/\/plazajuarez.mx\/historico\/wp-json\/wp\/v2\/users\/3"}],"replies":[{"embeddable":true,"href":"https:\/\/plazajuarez.mx\/historico\/wp-json\/wp\/v2\/comments?post=35278"}],"version-history":[{"count":0,"href":"https:\/\/plazajuarez.mx\/historico\/wp-json\/wp\/v2\/posts\/35278\/revisions"}],"wp:attachment":[{"href":"https:\/\/plazajuarez.mx\/historico\/wp-json\/wp\/v2\/media?parent=35278"}],"wp:term":[{"taxonomy":"category","embeddable":true,"href":"https:\/\/plazajuarez.mx\/historico\/wp-json\/wp\/v2\/categories?post=35278"},{"taxonomy":"post_tag","embeddable":true,"href":"https:\/\/plazajuarez.mx\/historico\/wp-json\/wp\/v2\/tags?post=35278"}],"curies":[{"name":"wp","href":"https:\/\/api.w.org\/{rel}","templated":true}]}}