{"id":35277,"date":"2017-01-23T15:29:39","date_gmt":"2017-01-23T15:29:39","guid":{"rendered":"http:\/\/plazajuarez.mx\/index\/index.php\/2017\/01\/23\/madonna-aclara-su-discurso-contra-donald-trump\/"},"modified":"2017-01-23T15:29:39","modified_gmt":"2017-01-23T15:29:39","slug":"madonna-aclara-su-discurso-contra-donald-trump","status":"publish","type":"post","link":"https:\/\/plazajuarez.mx\/historico\/madonna-aclara-su-discurso-contra-donald-trump\/","title":{"rendered":"Madonna aclara su discurso contra Donald Trump"},"content":{"rendered":"<p dir=\"ltr\" style=\"line-height: 1.295; margin-top: 0pt; margin-bottom: 8pt;\"><span style=\"font-size: 14.666666666666666px; font-family: Calibri; color: #000000; background-color: transparent; font-weight: 400; font-style: normal; font-variant: normal; text-decoration: none; vertical-align: baseline;\">La cantante estadounidense Madonna us\u00f3 su cuenta en Instagram para explicar el discurso contra Donald Trump que pronunci\u00f3 el s\u00e1bado en Washington D.C., como parte de la Marcha de Mujeres.<\/span><\/p>\n<p>  <!--more-->  <\/p>\n<p dir=\"ltr\" style=\"line-height: 1.295; margin-top: 0pt; margin-bottom: 8pt;\"><span style=\"font-size: 14.666666666666666px; font-family: Calibri; color: #000000; background-color: transparent; font-weight: 400; font-style: normal; font-variant: normal; text-decoration: none; vertical-align: baseline;\">En algunas partes de su discurso, \u201cLa Reina del Pop\u201d dijo varias groser\u00edas y tambi\u00e9n mencion\u00f3 que hab\u00eda pensado en volar la Casa Blanca, lo que le gener\u00f3 cr\u00edticas.<\/span><\/p>\n<p dir=\"ltr\" style=\"line-height: 1.295; margin-top: 0pt; margin-bottom: 8pt;\"><span style=\"font-size: 14.666666666666666px; font-family: Calibri; color: #000000; background-color: transparent; font-weight: 400; font-style: normal; font-variant: normal; text-decoration: none; vertical-align: baseline;\">Coment\u00f3 que la experiencia fue hermosa e incre\u00edble. \u201cComo sea quiero aclarar algunas cosas importantes\u201d, escribi\u00f3.<\/span><\/p>\n<p dir=\"ltr\" style=\"line-height: 1.295; margin-top: 0pt; margin-bottom: 8pt;\"><span style=\"font-size: 14.666666666666666px; font-family: Calibri; color: #000000; background-color: transparent; font-weight: 400; font-style: normal; font-variant: normal; text-decoration: none; vertical-align: baseline;\">Indic\u00f3 que ella no apoya la violencia y que algunas partes de su discurso fueron sacadas de contexto.<\/span><\/p>\n<p dir=\"ltr\" style=\"line-height: 1.295; margin-top: 0pt; margin-bottom: 8pt;\"><span style=\"font-size: 14.666666666666666px; font-family: Calibri; color: #000000; background-color: transparent; font-weight: 400; font-style: normal; font-variant: normal; text-decoration: none; vertical-align: baseline;\">\u201cMi discurso empez\u00f3 con &#8216;quiero empezar una revoluci\u00f3n de amor&#8217; y entonces tom\u00e9 esta oportunidad para alentar a las mujeres y toda la gente marginada a no caer en la desesperaci\u00f3n sino unirse e iniciar un punto de unidad y crear un cambio positivo en el mundo\u201d.<\/span><\/p>\n<p dir=\"ltr\" style=\"line-height: 1.295; margin-top: 0pt; margin-bottom: 8pt;\"><span style=\"font-size: 14.666666666666666px; font-family: Calibri; color: #000000; background-color: transparent; font-weight: 400; font-style: normal; font-variant: normal; text-decoration: none; vertical-align: baseline;\">\u201cHabl\u00e9 en met\u00e1fora y compart\u00ed dos maneras de ver las cosas: una era tener esperanza y otra era sentir rabia e indignaci\u00f3n, lo que personalmente sent\u00ed. Como sea, s\u00e9 que actuar desde la ira no resuelve nada y la \u00fanica manera de cambiar las cosas para mejorar es hacerlo con amor. Realmente fue un honor ser parte de una audiencia que cantaba &#8216;elegimos el amor&#8217;\u201d, finaliz\u00f3 la cantante.<\/span><\/p>\n","protected":false},"excerpt":{"rendered":"<p>La cantante estadounidense Madonna us\u00f3 su cuenta en Instagram para explicar el discurso contra Donald Trump que pronunci\u00f3 el s\u00e1bado en Washington D.C., como parte de la Marcha de Mujeres.<\/p>\n","protected":false},"author":3,"featured_media":0,"comment_status":"open","ping_status":"open","sticky":false,"template":"","format":"standard","meta":{"footnotes":""},"categories":[38],"tags":[],"class_list":["post-35277","post","type-post","status-publish","format-standard","hentry","category-show"],"_links":{"self":[{"href":"https:\/\/plazajuarez.mx\/historico\/wp-json\/wp\/v2\/posts\/35277","targetHints":{"allow":["GET"]}}],"collection":[{"href":"https:\/\/plazajuarez.mx\/historico\/wp-json\/wp\/v2\/posts"}],"about":[{"href":"https:\/\/plazajuarez.mx\/historico\/wp-json\/wp\/v2\/types\/post"}],"author":[{"embeddable":true,"href":"https:\/\/plazajuarez.mx\/historico\/wp-json\/wp\/v2\/users\/3"}],"replies":[{"embeddable":true,"href":"https:\/\/plazajuarez.mx\/historico\/wp-json\/wp\/v2\/comments?post=35277"}],"version-history":[{"count":0,"href":"https:\/\/plazajuarez.mx\/historico\/wp-json\/wp\/v2\/posts\/35277\/revisions"}],"wp:attachment":[{"href":"https:\/\/plazajuarez.mx\/historico\/wp-json\/wp\/v2\/media?parent=35277"}],"wp:term":[{"taxonomy":"category","embeddable":true,"href":"https:\/\/plazajuarez.mx\/historico\/wp-json\/wp\/v2\/categories?post=35277"},{"taxonomy":"post_tag","embeddable":true,"href":"https:\/\/plazajuarez.mx\/historico\/wp-json\/wp\/v2\/tags?post=35277"}],"curies":[{"name":"wp","href":"https:\/\/api.w.org\/{rel}","templated":true}]}}