{"id":35276,"date":"2017-01-23T15:46:36","date_gmt":"2017-01-23T15:46:36","guid":{"rendered":"http:\/\/plazajuarez.mx\/index\/index.php\/2017\/01\/23\/alfonso-cuaron-recrea-el-halconazo\/"},"modified":"2017-01-23T15:46:36","modified_gmt":"2017-01-23T15:46:36","slug":"alfonso-cuaron-recrea-el-halconazo","status":"publish","type":"post","link":"https:\/\/plazajuarez.mx\/historico\/alfonso-cuaron-recrea-el-halconazo\/","title":{"rendered":"Alfonso Cuar\u00f3n recrea el \u201cHalconazo\u201d"},"content":{"rendered":"<p dir=\"ltr\" style=\"line-height: 1.295; margin-top: 0pt; margin-bottom: 8pt;\"><span style=\"font-size: 14.666666666666666px; font-family: Calibri; color: #000000; background-color: transparent; font-weight: 400; font-style: normal; font-variant: normal; text-decoration: none; vertical-align: baseline;\">Este domingo, la Calzada M\u00e9xico-Tacuba amaneci\u00f3 cerrada a la altura del metro Normal, donde se filma parte de la pel\u00edcula \u201cRoma\u201d, del cineasta mexicano ganador del Oscar, Alfonso Cuar\u00f3n.<\/span><\/p>\n<p>  <!--more-->  <\/p>\n<p dir=\"ltr\" style=\"line-height: 1.295; margin-top: 0pt; margin-bottom: 8pt;\"><span style=\"font-size: 14.666666666666666px; font-family: Calibri; color: #000000; background-color: transparent; font-weight: 400; font-style: normal; font-variant: normal; text-decoration: none; vertical-align: baseline;\">El rodaje en esta zona de la Ciudad de M\u00e9xico, y los cortes a la circulaci\u00f3n, durar\u00e1n este lunes y martes, lapso en el que Cuar\u00f3n y su equipo de producci\u00f3n recrear\u00e1n la manifestaci\u00f3n estudiantil del 10 de junio de 1971.<\/span><\/p>\n<p dir=\"ltr\" style=\"line-height: 1.295; margin-top: 0pt; margin-bottom: 8pt;\"><span style=\"font-size: 14.666666666666666px; font-family: Calibri; color: #000000; background-color: transparent; font-weight: 400; font-style: normal; font-variant: normal; text-decoration: none; vertical-align: baseline;\">Este domingo, alrededor de mil extras participaron para revivir aquella movilizaci\u00f3n de estudiantes del Instituto Polit\u00e9cnico Nacional en el 10 de junio de 1971 y en la que un grupo de paramilitares conocidos como \u201cLos Halcones\u201d los atac\u00f3 en la zona del Casco de Santo Tom\u00e1s, muy cerca de los edificios de la mencionada instituci\u00f3n educativa.<\/span><\/p>\n<p dir=\"ltr\" style=\"line-height: 1.295; margin-top: 0pt; margin-bottom: 8pt;\"><span style=\"font-size: 14.666666666666666px; font-family: Calibri; color: #000000; background-color: transparent; font-weight: 400; font-style: normal; font-variant: normal; text-decoration: none; vertical-align: baseline;\">Por la ma\u00f1ana, los locales que se ubican sobre la avenida M\u00e9xico-Tacuba se mantuvieron cerrados mientras que los de las calles aleda\u00f1as recibieron poca afluencia.<\/span><\/p>\n<p dir=\"ltr\" style=\"line-height: 1.295; margin-top: 0pt; margin-bottom: 8pt;\"><span style=\"font-size: 14.666666666666666px; font-family: Calibri; color: #000000; background-color: transparent; font-weight: 400; font-style: normal; font-variant: normal; text-decoration: none; vertical-align: baseline;\">Algunos de los trabajadores de puestos ambulantes de tacos y jugos comentaron a EL UNIVERSAL que esperan una baja en cuanto a sus ventas durante estos d\u00edas.<\/span><\/p>\n<p dir=\"ltr\" style=\"line-height: 1.295; margin-top: 0pt; margin-bottom: 8pt;\"><span style=\"font-size: 14.666666666666666px; font-family: Calibri; color: #000000; background-color: transparent; font-weight: 400; font-style: normal; font-variant: normal; text-decoration: none; vertical-align: baseline;\">\u201cA nosotros no nos pagaron porque dijeron que pod\u00edamos trabajar\u201d, platic\u00f3 a este medio la mujer que atiende un puesto de jugos en la zona.<\/span><\/p>\n<p dir=\"ltr\" style=\"line-height: 1.295; margin-top: 0pt; margin-bottom: 8pt;\"><span style=\"font-size: 14.666666666666666px; font-family: Calibri; color: #000000; background-color: transparent; font-weight: 400; font-style: normal; font-variant: normal; text-decoration: none; vertical-align: baseline;\">Lo dijo en referencia a que en los locales ubicados sobre la calzada s\u00ed le pagaron una compensaci\u00f3n a los due\u00f1os. Dijo, sin embargo, que no sab\u00eda el monto de ese pago.<\/span><\/p>\n<p dir=\"ltr\" style=\"line-height: 1.295; margin-top: 0pt; margin-bottom: 8pt;\"><span style=\"font-size: 14.666666666666666px; font-family: Calibri; color: #000000; background-color: transparent; font-weight: 400; font-style: normal; font-variant: normal; text-decoration: none; vertical-align: baseline;\">Durante la semana anterior, el equipo de producci\u00f3n de la pel\u00edcula coloc\u00f3 mantas y peg\u00f3 anuncios para informar a los vecinos que se cerrar\u00edan calles de la zona para el rodaje. Uno de los vecinos se\u00f1al\u00f3 que s\u00ed vio los anuncios del cierre pero a\u00fan as\u00ed afecta a la gente.<\/span><\/p>\n<p dir=\"ltr\" style=\"line-height: 1.295; margin-top: 0pt; margin-bottom: 8pt;\"><span style=\"font-size: 14.666666666666666px; font-family: Calibri; color: #000000; background-color: transparent; font-weight: 400; font-style: normal; font-variant: normal; text-decoration: none; vertical-align: baseline;\">Varios transe\u00fantes mostraron su inconformidad al intentar cruzar M\u00e9xico-Tacuba, pues para hacerlo tuvieron que rodear o ingresar al metro. Una mujer incluso encar\u00f3 a los polic\u00edas: \u201c\u00a1Es totalmente irregular esto, toda la calle cerrada por una pin&#8230; pel\u00edcula!\u201d. Momentos despu\u00e9s un hombre hizo lo mismo. Un joven con patineta logr\u00f3 burlar a los polic\u00edas de tr\u00e1nsito y encargados de la valla y entr\u00f3 a la avenida, pero fue sacado r\u00e1pidamente.<\/span><\/p>\n","protected":false},"excerpt":{"rendered":"<p>Este domingo, la Calzada M\u00e9xico-Tacuba amaneci\u00f3 cerrada a la altura del metro Normal, donde se filma parte de la pel\u00edcula \u201cRoma\u201d, del cineasta mexicano ganador del Oscar, Alfonso Cuar\u00f3n.<\/p>\n","protected":false},"author":3,"featured_media":0,"comment_status":"open","ping_status":"open","sticky":false,"template":"","format":"standard","meta":{"footnotes":""},"categories":[38],"tags":[],"class_list":["post-35276","post","type-post","status-publish","format-standard","hentry","category-show"],"_links":{"self":[{"href":"https:\/\/plazajuarez.mx\/historico\/wp-json\/wp\/v2\/posts\/35276","targetHints":{"allow":["GET"]}}],"collection":[{"href":"https:\/\/plazajuarez.mx\/historico\/wp-json\/wp\/v2\/posts"}],"about":[{"href":"https:\/\/plazajuarez.mx\/historico\/wp-json\/wp\/v2\/types\/post"}],"author":[{"embeddable":true,"href":"https:\/\/plazajuarez.mx\/historico\/wp-json\/wp\/v2\/users\/3"}],"replies":[{"embeddable":true,"href":"https:\/\/plazajuarez.mx\/historico\/wp-json\/wp\/v2\/comments?post=35276"}],"version-history":[{"count":0,"href":"https:\/\/plazajuarez.mx\/historico\/wp-json\/wp\/v2\/posts\/35276\/revisions"}],"wp:attachment":[{"href":"https:\/\/plazajuarez.mx\/historico\/wp-json\/wp\/v2\/media?parent=35276"}],"wp:term":[{"taxonomy":"category","embeddable":true,"href":"https:\/\/plazajuarez.mx\/historico\/wp-json\/wp\/v2\/categories?post=35276"},{"taxonomy":"post_tag","embeddable":true,"href":"https:\/\/plazajuarez.mx\/historico\/wp-json\/wp\/v2\/tags?post=35276"}],"curies":[{"name":"wp","href":"https:\/\/api.w.org\/{rel}","templated":true}]}}