{"id":35275,"date":"2017-01-23T15:44:18","date_gmt":"2017-01-23T15:44:18","guid":{"rendered":"http:\/\/plazajuarez.mx\/index\/index.php\/2017\/01\/23\/mauricio-herrera-no-ve-con-malos-ojos-las-marchas\/"},"modified":"2017-01-23T15:44:18","modified_gmt":"2017-01-23T15:44:18","slug":"mauricio-herrera-no-ve-con-malos-ojos-las-marchas","status":"publish","type":"post","link":"https:\/\/plazajuarez.mx\/historico\/mauricio-herrera-no-ve-con-malos-ojos-las-marchas\/","title":{"rendered":"Mauricio Herrera no ve con malos ojos las marchas"},"content":{"rendered":"<p dir=\"ltr\" style=\"line-height: 1.295; margin-top: 0pt; margin-bottom: 8pt;\"><span style=\"font-size: 14.666666666666666px; font-family: Calibri; color: #000000; background-color: transparent; font-weight: 400; font-style: normal; font-variant: normal; text-decoration: none; vertical-align: baseline;\">Mauricio Herrera no ve con malos ojos que haya marchas de protesta en la Ciudad de M\u00e9xico y les ve una ventaja: caminar entre sus integrantes para trasladarse a cualquier punto capitalino.<\/span><\/p>\n<p>  <!--more-->  <\/p>\n<p dir=\"ltr\" style=\"line-height: 1.295; margin-top: 0pt; margin-bottom: 8pt;\"><span style=\"font-size: 14.666666666666666px; font-family: Calibri; color: #000000; background-color: transparent; font-weight: 400; font-style: normal; font-variant: normal; text-decoration: none; vertical-align: baseline;\">\u201c\u00bfSab\u00edan que hay m\u00e1s de 130? Entonces poder ver cu\u00e1l va por una avenida y luego transbordar en otra (que se cruce)&#8230;. en una por ejemplo, pudieron por fin reunirse maestros y alumnos y ponerse de acuerdo para comenzar clases\u201d, expresa sobre el escenario del Lunario del Auditorio Nacional.<\/span><\/p>\n<p dir=\"ltr\" style=\"line-height: 1.295; margin-top: 0pt; margin-bottom: 8pt;\"><span style=\"font-size: 14.666666666666666px; font-family: Calibri; color: #000000; background-color: transparent; font-weight: 400; font-style: normal; font-variant: normal; text-decoration: none; vertical-align: baseline;\">Lo dice de broma, enfundado en el personaje de Franz Beckenbauer, un hombre con smoking y cabello largo, virtuoso de la m\u00fasica a quien le urg\u00eda llegar al sitio en Chapultepec para ofrecer una conferencia.<\/span><\/p>\n<p dir=\"ltr\" style=\"line-height: 1.295; margin-top: 0pt; margin-bottom: 8pt;\"><span style=\"font-size: 14.666666666666666px; font-family: Calibri; color: #000000; background-color: transparent; font-weight: 400; font-style: normal; font-variant: normal; text-decoration: none; vertical-align: baseline;\">Y as\u00ed, en el marco del show \u201cCon cierto miedo\u201d, que lleva montando Herrera desde hace m\u00e1s de 25 a\u00f1os, la gente ri\u00f3 de la idea marchista.<\/span><\/p>\n<p dir=\"ltr\" style=\"line-height: 1.295; margin-top: 0pt; margin-bottom: 8pt;\"><span style=\"font-size: 14.666666666666666px; font-family: Calibri; color: #000000; background-color: transparent; font-weight: 400; font-style: normal; font-variant: normal; text-decoration: none; vertical-align: baseline;\">Durante la traves\u00eda de hora y media de duraci\u00f3n, que todav\u00eda estar\u00e1 un par de semanas m\u00e1s, el histri\u00f3n, m\u00e1s bien Beckenbauer, platic\u00f3 de cuando conoci\u00f3 a Beethoven y Shubert, entre otros prodigios de la m\u00fasica cl\u00e1sica.<\/span><\/p>\n<p dir=\"ltr\" style=\"line-height: 1.295; margin-top: 0pt; margin-bottom: 8pt;\"><span style=\"font-size: 14.666666666666666px; font-family: Calibri; color: #000000; background-color: transparent; font-weight: 400; font-style: normal; font-variant: normal; text-decoration: none; vertical-align: baseline;\"> \u201c\u00bfQu\u00e9 me dicen de Donald?\u201d, cuestiona en un momento, arrancando un \u201cno\u201d de varios asistentes, para luego aclarar que se refer\u00eda al pato enoj\u00f3n creado por el cineasta Walt Disney.<\/span><\/p>\n<p dir=\"ltr\" style=\"line-height: 1.295; margin-top: 0pt; margin-bottom: 8pt;\"><span style=\"font-size: 14.666666666666666px; font-family: Calibri; color: #000000; background-color: transparent; font-weight: 400; font-style: normal; font-variant: normal; text-decoration: none; vertical-align: baseline;\">\u201cNo hablemos de cosas tristes, venimos a divertirnos\u201d, dice despu\u00e9s ahora s\u00ed refiri\u00e9ndose, sin decir su apellido, a Trump el nuevo presidente estadounidense.<\/span><\/p>\n","protected":false},"excerpt":{"rendered":"<p>Mauricio Herrera no ve con malos ojos que haya marchas de protesta en la Ciudad de M\u00e9xico y les ve una ventaja: caminar entre sus integrantes para trasladarse a cualquier punto capitalino.<\/p>\n","protected":false},"author":3,"featured_media":0,"comment_status":"open","ping_status":"open","sticky":false,"template":"","format":"standard","meta":{"footnotes":""},"categories":[38],"tags":[],"class_list":["post-35275","post","type-post","status-publish","format-standard","hentry","category-show"],"_links":{"self":[{"href":"https:\/\/plazajuarez.mx\/historico\/wp-json\/wp\/v2\/posts\/35275","targetHints":{"allow":["GET"]}}],"collection":[{"href":"https:\/\/plazajuarez.mx\/historico\/wp-json\/wp\/v2\/posts"}],"about":[{"href":"https:\/\/plazajuarez.mx\/historico\/wp-json\/wp\/v2\/types\/post"}],"author":[{"embeddable":true,"href":"https:\/\/plazajuarez.mx\/historico\/wp-json\/wp\/v2\/users\/3"}],"replies":[{"embeddable":true,"href":"https:\/\/plazajuarez.mx\/historico\/wp-json\/wp\/v2\/comments?post=35275"}],"version-history":[{"count":0,"href":"https:\/\/plazajuarez.mx\/historico\/wp-json\/wp\/v2\/posts\/35275\/revisions"}],"wp:attachment":[{"href":"https:\/\/plazajuarez.mx\/historico\/wp-json\/wp\/v2\/media?parent=35275"}],"wp:term":[{"taxonomy":"category","embeddable":true,"href":"https:\/\/plazajuarez.mx\/historico\/wp-json\/wp\/v2\/categories?post=35275"},{"taxonomy":"post_tag","embeddable":true,"href":"https:\/\/plazajuarez.mx\/historico\/wp-json\/wp\/v2\/tags?post=35275"}],"curies":[{"name":"wp","href":"https:\/\/api.w.org\/{rel}","templated":true}]}}