{"id":35274,"date":"2017-01-23T15:41:43","date_gmt":"2017-01-23T15:41:43","guid":{"rendered":"http:\/\/plazajuarez.mx\/index\/index.php\/2017\/01\/23\/francisco-jemez-no-quiere-atacar-al-arbitraje\/"},"modified":"2017-01-23T15:41:43","modified_gmt":"2017-01-23T15:41:43","slug":"francisco-jemez-no-quiere-atacar-al-arbitraje","status":"publish","type":"post","link":"https:\/\/plazajuarez.mx\/historico\/francisco-jemez-no-quiere-atacar-al-arbitraje\/","title":{"rendered":"Francisco J\u00e9mez no quiere atacar al arbitraje"},"content":{"rendered":"<p dir=\"ltr\" style=\"line-height: 1.3800000000000001; margin-top: 0pt; margin-bottom: 10pt; text-align: justify;\"><span style=\"font-size: 15.333333333333332px; font-family: Arial; color: #333333; background-color: #ffffff; font-weight: bold; font-style: normal; font-variant: normal; text-decoration: none; vertical-align: baseline;\">DECLARACI\u00d3N<\/span><\/p>\n<p dir=\"ltr\" style=\"line-height: 1.3800000000000001; margin-top: 0pt; margin-bottom: 10pt; text-align: justify;\"><span style=\"font-size: 15.333333333333332px; font-family: Arial; color: #333333; background-color: #ffffff; font-weight: 400; font-style: normal; font-variant: normal; text-decoration: none; vertical-align: baseline;\">\u201cEl \u00e1rbitro puede equivocarse, pero los comit\u00e9s no <\/span><span style=\"font-size: 13.333333333333332px; font-family: Arial; color: #333333; background-color: #ffffff; font-weight: 400; font-style: normal; font-variant: normal; text-decoration: none; vertical-align: baseline;\">\u00a0pueden apoyarlo si la imagen muestra que no es falta. Eso no lo entiendo&#8230; es imposible, no puede pasar. Es un trabajo muy sencillo: sentarse y ver una imagen\u201d.<\/span><\/p>\n<p>  <!--more-->  <\/p>\n<p><span style=\"font-size: 15.333333333333332px; font-family: Arial; color: #333333; background-color: #ffffff; font-weight: 400; font-style: normal; font-variant: normal; text-decoration: none; vertical-align: baseline;\">Por m\u00e1s que tiene la intenci\u00f3n de no engancharse con el trabajo arbitral, los errores \u2014dentro y fuera de la cancha\u2014 comienzan a colmar la paciencia de Francisco J\u00e9mez, quien solicita no olvidar que estuvo mal anulado el gol al delantero uruguayo Mart\u00edn Cauteruccio y que las Comisiones Disciplinaria y de Apelaciones debieron quitar la sanci\u00f3n al volante Gabriel Pe\u00f1alba, expulsado la semana anterior contra los Pumas.<\/span><span style=\"font-size: 15.333333333333332px; font-family: Arial; color: #333333; background-color: transparent; font-weight: 400; font-style: normal; font-variant: normal; text-decoration: none; vertical-align: baseline;\"><br class=\"kix-line-break\" \/><\/span><span style=\"font-size: 15.333333333333332px; font-family: Arial; color: #333333; background-color: #ffffff; font-weight: 400; font-style: normal; font-variant: normal; text-decoration: none; vertical-align: baseline;\">\u201cPor ahora, voy a seguir sin hablar de los \u00e1rbitros. Sigo entendiendo que es una parte del juego. Quiero pensar que no hay algo malo detr\u00e1s\u201d, asegura el director t\u00e9cnico de La M\u00e1quina, en conferencia de prensa realizada en el estadio Azul. \u201cTampoco quisiera pensar que alguien est\u00e1 persiguiendo a Pe\u00f1alba.<\/span><\/p>\n","protected":false},"excerpt":{"rendered":"<p>DECLARACI\u00d3N \u201cEl \u00e1rbitro puede equivocarse, pero los comit\u00e9s no \u00a0pueden apoyarlo si la imagen muestra que no es falta. Eso no lo entiendo&#8230; es imposible, no puede pasar. Es un trabajo muy sencillo: sentarse y ver una imagen\u201d.<\/p>\n","protected":false},"author":3,"featured_media":0,"comment_status":"open","ping_status":"open","sticky":false,"template":"","format":"standard","meta":{"footnotes":""},"categories":[39],"tags":[],"class_list":["post-35274","post","type-post","status-publish","format-standard","hentry","category-deportiva"],"_links":{"self":[{"href":"https:\/\/plazajuarez.mx\/historico\/wp-json\/wp\/v2\/posts\/35274","targetHints":{"allow":["GET"]}}],"collection":[{"href":"https:\/\/plazajuarez.mx\/historico\/wp-json\/wp\/v2\/posts"}],"about":[{"href":"https:\/\/plazajuarez.mx\/historico\/wp-json\/wp\/v2\/types\/post"}],"author":[{"embeddable":true,"href":"https:\/\/plazajuarez.mx\/historico\/wp-json\/wp\/v2\/users\/3"}],"replies":[{"embeddable":true,"href":"https:\/\/plazajuarez.mx\/historico\/wp-json\/wp\/v2\/comments?post=35274"}],"version-history":[{"count":0,"href":"https:\/\/plazajuarez.mx\/historico\/wp-json\/wp\/v2\/posts\/35274\/revisions"}],"wp:attachment":[{"href":"https:\/\/plazajuarez.mx\/historico\/wp-json\/wp\/v2\/media?parent=35274"}],"wp:term":[{"taxonomy":"category","embeddable":true,"href":"https:\/\/plazajuarez.mx\/historico\/wp-json\/wp\/v2\/categories?post=35274"},{"taxonomy":"post_tag","embeddable":true,"href":"https:\/\/plazajuarez.mx\/historico\/wp-json\/wp\/v2\/tags?post=35274"}],"curies":[{"name":"wp","href":"https:\/\/api.w.org\/{rel}","templated":true}]}}