{"id":35217,"date":"2017-01-22T14:03:14","date_gmt":"2017-01-22T14:03:14","guid":{"rendered":"http:\/\/plazajuarez.mx\/index\/index.php\/2017\/01\/22\/el-llamado-del-corazon\/"},"modified":"2020-04-14T19:58:52","modified_gmt":"2020-04-14T19:58:52","slug":"el-llamado-del-corazon","status":"publish","type":"post","link":"https:\/\/plazajuarez.mx\/historico\/el-llamado-del-corazon\/","title":{"rendered":"El llamado del coraz\u00f3n"},"content":{"rendered":"<p>RELATOS DE VIDA<\/p>\n<p>  <!--more-->  <\/p>\n<p>Hac\u00eda tiempo que estaba inquieta, el coraz\u00f3n repetidas veces tocaba la gruesa capa de piel en un llamado para poder salir, para escaparse de aquel lugar que hab\u00eda dejado de ser su hogar porque los m\u00fasculos lo oprim\u00edan cada vez m\u00e1s invadiendo su\u00a0 espacio&#8230;su santuario.<\/p>\n<p>Las preocupaciones econ\u00f3micas, los sobresaltos, los enojos, las dudas, los rutinarios d\u00edas, los miedos, la infelicidad, hab\u00edan robado su tranquilidad y el rumbo que desde adolescente hab\u00eda marcado para su vida, un camino que sab\u00eda estaba plagado de obst\u00e1culos pero que estaba decidida a saltar para alcanzar todas las metas y prop\u00f3sitos fijados.<\/p>\n<p>Sin embargo esa vitalidad y poder de decisi\u00f3n desvanec\u00edan, se sumi\u00f3 en el conformismo, en el vivir un d\u00eda a la vez, olvid\u00f3 los sue\u00f1os y todas las ilusiones que alimentaban su alma y esp\u00edritu, el mundo cambiaba y su perspectiva tambi\u00e9n, dej\u00f3 de luchar, de enfrentarse, de caerse y levantarse y el coraz\u00f3n sent\u00eda los estragos.<\/p>\n<p>Algunos d\u00edas despertaba con vigor cre\u00eda que pod\u00eda recuperar todo lo que hab\u00eda perdido, trataba de mantener la esperanza, de seguir en b\u00fasqueda de esa luz que le ayudara a salir, lo intentaba, por el ser supremo que lo intentaba, pero al final del d\u00eda solo tiraba la toalla y ya no esperaba m\u00e1s, solo ver nuevamente la luz del d\u00eda, y continuar en esa corriente.<\/p>\n<p>Una ma\u00f1ana solo se sent\u00f3, ech\u00f3 un vistazo a su alrededor, sinti\u00f3 una opresi\u00f3n en el pecho y crey\u00f3 que ser\u00eda su \u00faltimo instante, cerr\u00f3 los ojos y escuch\u00f3 una voz interior, el coraz\u00f3n no pod\u00eda m\u00e1s y al igual que ella estaba a un segundo de tirar la toalla, cuando simplemente escuch\u00f3, -&#8220;mam\u00e1 quiero leche&#8221;- record\u00f3 por qu\u00e9 segu\u00eda en este mundo, y le pidi\u00f3 a la voz interna &#8211; \u00a1aguanta, alguien me necesita, cuidar\u00e9 de ambos!<\/p>\n<p>Se levant\u00f3 de la silla, atendi\u00f3 al llamado, hizo una llamada y replic\u00f3 &#8211; \u00a1ya no m\u00e1s!- tom\u00f3 algunas pertenencias y comenz\u00f3 de nuevo en alg\u00fan lugar en donde nadie le oprim\u00eda la vida, sus sue\u00f1os, ilusiones y su coraz\u00f3n.<\/p>\n","protected":false},"excerpt":{"rendered":"<p>RELATOS DE VIDA<\/p>\n","protected":false},"author":73,"featured_media":0,"comment_status":"open","ping_status":"open","sticky":false,"template":"","format":"standard","meta":{"footnotes":""},"categories":[42,85],"tags":[],"class_list":["post-35217","post","type-post","status-publish","format-standard","hentry","category-nuestrapalabra","category-relatos"],"_links":{"self":[{"href":"https:\/\/plazajuarez.mx\/historico\/wp-json\/wp\/v2\/posts\/35217","targetHints":{"allow":["GET"]}}],"collection":[{"href":"https:\/\/plazajuarez.mx\/historico\/wp-json\/wp\/v2\/posts"}],"about":[{"href":"https:\/\/plazajuarez.mx\/historico\/wp-json\/wp\/v2\/types\/post"}],"author":[{"embeddable":true,"href":"https:\/\/plazajuarez.mx\/historico\/wp-json\/wp\/v2\/users\/73"}],"replies":[{"embeddable":true,"href":"https:\/\/plazajuarez.mx\/historico\/wp-json\/wp\/v2\/comments?post=35217"}],"version-history":[{"count":0,"href":"https:\/\/plazajuarez.mx\/historico\/wp-json\/wp\/v2\/posts\/35217\/revisions"}],"wp:attachment":[{"href":"https:\/\/plazajuarez.mx\/historico\/wp-json\/wp\/v2\/media?parent=35217"}],"wp:term":[{"taxonomy":"category","embeddable":true,"href":"https:\/\/plazajuarez.mx\/historico\/wp-json\/wp\/v2\/categories?post=35217"},{"taxonomy":"post_tag","embeddable":true,"href":"https:\/\/plazajuarez.mx\/historico\/wp-json\/wp\/v2\/tags?post=35217"}],"curies":[{"name":"wp","href":"https:\/\/api.w.org\/{rel}","templated":true}]}}