{"id":35215,"date":"2017-01-22T14:00:17","date_gmt":"2017-01-22T14:00:17","guid":{"rendered":"http:\/\/plazajuarez.mx\/index\/index.php\/2017\/01\/22\/broche-de-oro-al-programa-el-ultimo-regalo-de-navidad\/"},"modified":"2017-01-22T14:00:17","modified_gmt":"2017-01-22T14:00:17","slug":"broche-de-oro-al-programa-el-ultimo-regalo-de-navidad","status":"publish","type":"post","link":"https:\/\/plazajuarez.mx\/historico\/broche-de-oro-al-programa-el-ultimo-regalo-de-navidad\/","title":{"rendered":"Broche de oro al programa \u201cel \u00faltimo regalo de Navidad\u201d"},"content":{"rendered":"<p>Tizayuca <\/p>\n<p>Muchos peque\u00f1os recibieron regalos en diferentes comunidades<\/p>\n<p>  <!--more-->  <\/p>\n<p>El Instituto Tizayuquense de la Juventud, en coordinaci\u00f3n con el Sistema Municipal para el Desarrollo Integral de la Familia (SMDIF), llevaron a cabo un evento para cerrar con broche de oro el programa \u201cEl \u00faltimo regalo de Navidad\u201d, en la explanada municipal al que asistieron m\u00e1s de 300 personas.<br \/>En el evento participaron los payasos \u201cPipirisnaiz\u201d; una escuela de acrobacia; Rub\u00ed Villagr\u00e1n, adem\u00e1s de la obra de teatro \u201cBuscando a Pap\u00e1 Noel\u201d, que corri\u00f3 a cargo de m\u00e1s de 80 alumnos de la escuela Telesecundaria 189 de la comunidad de Tepojaco. Tambi\u00e9n hubo concursos, que hizo que los padres de familia y los ni\u00f1os pasaran un momento inolvidable.<br \/>El patrocinio corri\u00f3 a cargo de la Federaci\u00f3n \u00danica de Trabajadores del Volante (F.U.T.V.) del municipio de Tizayuca y del Sistema DIF. <br \/>Los menores recibieron aguinaldos y juguetes; mientras que a los adultos mayores les entregaron bolsas con pan de dulce.<br \/>Juana Garc\u00eda Rojas, presidenta del DIF municipal, agradeci\u00f3 a quienes hicieron posible este evento, en el que la magia, el amor y los valores jugaron un papel importante. Coment\u00f3 que el alcalde, Gabriel Garc\u00eda Rojas, le instruy\u00f3 para que se implementen programas y acciones de beneficios para los sectores m\u00e1s vulnerables.<br \/>En este evento, tambi\u00e9n se cont\u00f3 con la presencia de Michelle Calder\u00f3n Ram\u00edrez, subdirectora de Personas con Discapacidad del Comit\u00e9 Directivo Estatal del PRI; Luz Aurora Soto D\u00edaz, directora interna de Cultura F\u00edsica y Deporte y representante personal de F\u00e1tima Lorena Ba\u00f1os P\u00e9rez, directora general del Instituto Hidalguense del Deporte; Artemio Lara Hern\u00e1ndez, coordinador de Vinculaci\u00f3n y representante de Ileana Guadalupe Quijano Crespo, directora del Instituto Hidalguense de la Juventud; funcionarios municipales e integrantes de la Asamblea Municipal.<\/p>\n","protected":false},"excerpt":{"rendered":"<p>Tizayuca Muchos peque\u00f1os recibieron regalos en diferentes comunidades<\/p>\n","protected":false},"author":93,"featured_media":0,"comment_status":"open","ping_status":"open","sticky":false,"template":"","format":"standard","meta":{"footnotes":""},"categories":[40],"tags":[],"class_list":["post-35215","post","type-post","status-publish","format-standard","hentry","category-region"],"_links":{"self":[{"href":"https:\/\/plazajuarez.mx\/historico\/wp-json\/wp\/v2\/posts\/35215","targetHints":{"allow":["GET"]}}],"collection":[{"href":"https:\/\/plazajuarez.mx\/historico\/wp-json\/wp\/v2\/posts"}],"about":[{"href":"https:\/\/plazajuarez.mx\/historico\/wp-json\/wp\/v2\/types\/post"}],"author":[{"embeddable":true,"href":"https:\/\/plazajuarez.mx\/historico\/wp-json\/wp\/v2\/users\/93"}],"replies":[{"embeddable":true,"href":"https:\/\/plazajuarez.mx\/historico\/wp-json\/wp\/v2\/comments?post=35215"}],"version-history":[{"count":0,"href":"https:\/\/plazajuarez.mx\/historico\/wp-json\/wp\/v2\/posts\/35215\/revisions"}],"wp:attachment":[{"href":"https:\/\/plazajuarez.mx\/historico\/wp-json\/wp\/v2\/media?parent=35215"}],"wp:term":[{"taxonomy":"category","embeddable":true,"href":"https:\/\/plazajuarez.mx\/historico\/wp-json\/wp\/v2\/categories?post=35215"},{"taxonomy":"post_tag","embeddable":true,"href":"https:\/\/plazajuarez.mx\/historico\/wp-json\/wp\/v2\/tags?post=35215"}],"curies":[{"name":"wp","href":"https:\/\/api.w.org\/{rel}","templated":true}]}}