{"id":35214,"date":"2017-01-22T14:03:00","date_gmt":"2017-01-22T14:03:00","guid":{"rendered":"http:\/\/plazajuarez.mx\/index\/index.php\/2017\/01\/22\/fue-el-dia-de-su-cumpleanos-cuando-lo-acusaron-de-asesinato\/"},"modified":"2017-01-22T14:03:00","modified_gmt":"2017-01-22T14:03:00","slug":"fue-el-dia-de-su-cumpleanos-cuando-lo-acusaron-de-asesinato","status":"publish","type":"post","link":"https:\/\/plazajuarez.mx\/historico\/fue-el-dia-de-su-cumpleanos-cuando-lo-acusaron-de-asesinato\/","title":{"rendered":"Fue el d\u00eda de su cumplea\u00f1os cuando lo acusaron de asesinato"},"content":{"rendered":"<p>Tizayuca <\/p>\n<p>Hace dos a\u00f1os, un joven de 18 a\u00f1os estuvo en el lugar y la hora equivocada <br \/>La necropsia al individuo asesinado arroj\u00f3 que hab\u00eda sufrido un cruel asesinato; le cortaron sus partes sexuales y la lengua. Partes que nunca fueron encontradas.<\/p>\n<p>  <!--more-->  <\/p>\n<p>Dieciocho a\u00f1os\u2026 La mayor\u00eda de edad. Algo que muchos esperan con ansiedad. Tener 18 y ya hacer las cosas que por ser menores no se pueden hacer. Tal fue el caso de Omar, un chico so\u00f1ador y aventurero. Esperaba cumplir sus 18 a\u00f1os para celebrar en grande su mayor\u00eda de edad. Viv\u00eda en una casa modesta junto a su hermana y su mam\u00e1.<br \/>Siempre dijo que cuando llegara ese d\u00eda, celebrar\u00eda en grande con los amigos y, tambi\u00e9n por qu\u00e9 no, tomarse unas copas con ellos. <br \/>Todo cambiar\u00eda y podr\u00eda disfrutar de permisos y cosas que anhelaba hacer.<br \/>Ese d\u00eda fue el 5 de agosto. En su cumplea\u00f1os, lo primero que hizo fue contactar a sus amistades para que lo acompa\u00f1aran a un lugar de diversi\u00f3n. Le dijo a su mam\u00e1 que ir\u00eda a bailar. Que ya no pod\u00eda esperar.<br \/>En la discoteca entre el baile y las bebidas Omar la pas\u00f3 muy bien. Todos bebieron un poco m\u00e1s de lo normal. Ya entrada la madrugada decidieron retirarse a sus casas.<br \/>Omar se qued\u00f3. El reloj ya marcaba las 3:00 de la madrugada, pero continuaba bailando y tomando hasta que el establecimiento, comenz\u00f3 a bajar la m\u00fasica y a prender las luces para que se terminaran de ir los trasnochadores que a\u00fan quedaban.<br \/>Ya muy enfiestado Omar decidi\u00f3 irse caminando porque pens\u00f3 que as\u00ed se le bajar\u00eda el alcohol. Su casa quedaba como a veinte minutos.<br \/>Las calles estaban oscuras, silenciosas. El fr\u00edo era cada vez m\u00e1s penetrante. En el camino a su casa deb\u00eda de pasar por un parque. A punto de llegar a \u00e9ste, vislumbr\u00f3 un bulto tirado en el piso. Sin embargo, al tenerlo cerca se percat\u00f3 que no era un bulto sino un hombre, pens\u00f3 que tal vez ese hombre tambi\u00e9n estaba borracho. Supuso que tal vez se qued\u00f3 dormido, pero por el fr\u00edo que hac\u00eda pod\u00eda enfermarse gravemente, por lo que decidi\u00f3 despertarlo para que tambi\u00e9n se fuera a su casa.<br \/>Comenz\u00f3 a mover el cuerpo con su pie, intentando despertarlo. Al ver que no respond\u00eda, se inclin\u00f3 para ver si dorm\u00eda o estaba desmayado. Para su mala suerte apareci\u00f3 una patrulla. Los polic\u00edas observaron la escena y lo increparon:<br \/>\u00bfQu\u00e9 haces aqu\u00ed? <br \/>Nada, contest\u00f3 Omar. <br \/>Los polic\u00edas notaron pronto que Omar estaba alcoholizado. Le dijeron que esperara.<br \/>Los polic\u00edas movieron al se\u00f1or pero \u00e9ste segu\u00eda sin responder. Decidieron llamar una ambulancia para auxiliarlo. Cuando llegaron los param\u00e9dicos se\u00f1alaron que el se\u00f1or ya no ten\u00eda signos vitales. Que su vestimenta estaba ensangrentada, estaba muerto.<br \/>Los polic\u00edas se llevaron a Omar a la Agencia del Ministerio P\u00fablico para tomar su declaraci\u00f3n ya que en la revisi\u00f3n los polic\u00edas notaron que los tenis de Omar ten\u00edan sangre, manchados cuando movi\u00f3 el cuerpo en medio de la oscuridad.<br \/>El cad\u00e1ver fue recogido por el Servicio M\u00e9dico Forense (Semefo) y detuvieron a Omar como sospechoso. <br \/>Omar, esa noche de su cumplea\u00f1os no regres\u00f3 a su casa.<br \/>Al d\u00eda siguiente su madre, preocupada, comenz\u00f3 a buscarlo hasta que lo encontr\u00f3. Estaba detenido, acusado de asesinato. <br \/>Su madre luch\u00f3 porque no lo encerraran. Sin embargo, Omar fue declarado culpable.<br \/>Ello, a pesar de que la necropsia al individuo asesinado arroj\u00f3 que hab\u00eda sufrido un cruel asesinato; le cortaron sus partes sexuales y la lengua. Partes que nunca fueron encontradas.<br \/>Omar estuvo en el lugar y la hora equivocada. Sigue recluido en la c\u00e1rcel de Tizayuca. <br \/>Hoy Omar ya tiene 20 a\u00f1os. Su familia ha hecho todo lo que ha estado en sus manos para sacarlo\u2026 sin \u00e9xito alguno.<br \/>La mam\u00e1 de Omar est\u00e1 enferma de diabetes y no deja de pensar en su hijo. Ruega a Dios por \u00e9l. Repite a quien quiera escucharla que su hijo Omar no es un asesino. <br \/>Ha gastado una fortuna en abogados, algunos de los cuales la han estafado. <br \/>A\u00fan as\u00ed, promete seguir luchando hasta ver a su hijo en libertad.<\/p>\n","protected":false},"excerpt":{"rendered":"<p>Tizayuca Hace dos a\u00f1os, un joven de 18 a\u00f1os estuvo en el lugar y la hora equivocada La necropsia al individuo asesinado arroj\u00f3 que hab\u00eda sufrido un cruel asesinato; le cortaron sus partes sexuales y la lengua. Partes que nunca fueron encontradas.<\/p>\n","protected":false},"author":93,"featured_media":0,"comment_status":"open","ping_status":"open","sticky":false,"template":"","format":"standard","meta":{"footnotes":""},"categories":[40],"tags":[],"class_list":["post-35214","post","type-post","status-publish","format-standard","hentry","category-region"],"_links":{"self":[{"href":"https:\/\/plazajuarez.mx\/historico\/wp-json\/wp\/v2\/posts\/35214","targetHints":{"allow":["GET"]}}],"collection":[{"href":"https:\/\/plazajuarez.mx\/historico\/wp-json\/wp\/v2\/posts"}],"about":[{"href":"https:\/\/plazajuarez.mx\/historico\/wp-json\/wp\/v2\/types\/post"}],"author":[{"embeddable":true,"href":"https:\/\/plazajuarez.mx\/historico\/wp-json\/wp\/v2\/users\/93"}],"replies":[{"embeddable":true,"href":"https:\/\/plazajuarez.mx\/historico\/wp-json\/wp\/v2\/comments?post=35214"}],"version-history":[{"count":0,"href":"https:\/\/plazajuarez.mx\/historico\/wp-json\/wp\/v2\/posts\/35214\/revisions"}],"wp:attachment":[{"href":"https:\/\/plazajuarez.mx\/historico\/wp-json\/wp\/v2\/media?parent=35214"}],"wp:term":[{"taxonomy":"category","embeddable":true,"href":"https:\/\/plazajuarez.mx\/historico\/wp-json\/wp\/v2\/categories?post=35214"},{"taxonomy":"post_tag","embeddable":true,"href":"https:\/\/plazajuarez.mx\/historico\/wp-json\/wp\/v2\/tags?post=35214"}],"curies":[{"name":"wp","href":"https:\/\/api.w.org\/{rel}","templated":true}]}}