{"id":35112,"date":"2017-01-20T13:30:50","date_gmt":"2017-01-20T13:30:50","guid":{"rendered":"http:\/\/plazajuarez.mx\/index\/index.php\/2017\/01\/20\/donan-a-la-presidencia-municipal-traje-tipico-de-concurso\/"},"modified":"2017-01-20T13:30:50","modified_gmt":"2017-01-20T13:30:50","slug":"donan-a-la-presidencia-municipal-traje-tipico-de-concurso","status":"publish","type":"post","link":"https:\/\/plazajuarez.mx\/historico\/donan-a-la-presidencia-municipal-traje-tipico-de-concurso\/","title":{"rendered":"Donan a la Presidencia Municipal \u201cTraje T\u00edpico\u201d\u2026 de concurso"},"content":{"rendered":"<p>Emiliano Zapata<\/p>\n<p>  <!--more-->  <\/p>\n<p>Las creadoras del traje representativo del municipio, dise\u00f1ado para el concurso convocado en 1975, por el entonces gobernador del estado Jorge Rojo Lugo, es el mismo con el que se obtuvo el segundo lugar a nivel estatal.<\/p>\n<p>Las creadoras y dise\u00f1adoras del traje, Olaya Alatorre y las voluntarias Aurora Valdez y Clara Rosas del R\u00edo, expresaron que a petici\u00f3n del entonces presidente municipal, Ubaldo Valdez, confeccionaron y dise\u00f1aron un traje t\u00edpico que represent\u00f3 al municipio.<\/p>\n<p>Las donantes explicaron al actual alcalde, Antonio Espinoza, que esta prenda se realiz\u00f3 con tela de yute y estambre, todo bordado a mano, lo que representa parte de la riqueza agr\u00edcola de la regi\u00f3n y que se cultivaba en esa\u00a0 \u00e9poca: ma\u00edz y cebada madura, junto con una cesta de llena de estos granos.<br \/>Las dise\u00f1adoras, quienes son oriundas de este municipio, se\u00f1alaron que una de las bases de esta convocatoria era que la modelo deber\u00eda ser tambi\u00e9n originaria del municipio, por lo que se design\u00f3 a la se\u00f1orita Ver\u00f3nica Espinoza, quien port\u00f3 dicha prenda t\u00edpica.<\/p>\n<p>El Jefe del Ejecutivo municipal, al recibir esta prenda, calific\u00f3 de significativo que el municipio tenga un traje t\u00edpico que representa, el origen y la raz\u00f3n la cual fue plasmada en este lienzo, y que orgullosamente representa parte de la regi\u00f3n del altiplano hidalguense.<\/p>\n","protected":false},"excerpt":{"rendered":"<p>Emiliano Zapata<\/p>\n","protected":false},"author":93,"featured_media":0,"comment_status":"open","ping_status":"open","sticky":false,"template":"","format":"standard","meta":{"footnotes":""},"categories":[40],"tags":[],"class_list":["post-35112","post","type-post","status-publish","format-standard","hentry","category-region"],"_links":{"self":[{"href":"https:\/\/plazajuarez.mx\/historico\/wp-json\/wp\/v2\/posts\/35112","targetHints":{"allow":["GET"]}}],"collection":[{"href":"https:\/\/plazajuarez.mx\/historico\/wp-json\/wp\/v2\/posts"}],"about":[{"href":"https:\/\/plazajuarez.mx\/historico\/wp-json\/wp\/v2\/types\/post"}],"author":[{"embeddable":true,"href":"https:\/\/plazajuarez.mx\/historico\/wp-json\/wp\/v2\/users\/93"}],"replies":[{"embeddable":true,"href":"https:\/\/plazajuarez.mx\/historico\/wp-json\/wp\/v2\/comments?post=35112"}],"version-history":[{"count":0,"href":"https:\/\/plazajuarez.mx\/historico\/wp-json\/wp\/v2\/posts\/35112\/revisions"}],"wp:attachment":[{"href":"https:\/\/plazajuarez.mx\/historico\/wp-json\/wp\/v2\/media?parent=35112"}],"wp:term":[{"taxonomy":"category","embeddable":true,"href":"https:\/\/plazajuarez.mx\/historico\/wp-json\/wp\/v2\/categories?post=35112"},{"taxonomy":"post_tag","embeddable":true,"href":"https:\/\/plazajuarez.mx\/historico\/wp-json\/wp\/v2\/tags?post=35112"}],"curies":[{"name":"wp","href":"https:\/\/api.w.org\/{rel}","templated":true}]}}