{"id":351,"date":"2015-02-06T06:00:00","date_gmt":"2015-02-06T06:00:00","guid":{"rendered":"http:\/\/plazajuarez.mx\/index\/index.php\/2015\/02\/06\/realizaba-labores-en-su-domicilio-y-perdio-la-vida-al-caer-de-una-barda-de-dos-metros\/"},"modified":"2015-02-06T06:00:00","modified_gmt":"2015-02-06T06:00:00","slug":"realizaba-labores-en-su-domicilio-y-perdio-la-vida-al-caer-de-una-barda-de-dos-metros","status":"publish","type":"post","link":"https:\/\/plazajuarez.mx\/historico\/realizaba-labores-en-su-domicilio-y-perdio-la-vida-al-caer-de-una-barda-de-dos-metros\/","title":{"rendered":"Realizaba labores en su domicilio y perdi\u00f3  la vida al caer de una barda de dos metros"},"content":{"rendered":"<p><strong>Tezontepec de Aldama<\/strong> <\/p>\n<ul>\n<li><strong><strong>En la comunidad de Atengo<\/strong><\/strong> <!--more--> <\/li>\n<\/ul>\n<p>Silvino Ruiz \u00c1lvarez, de 79 a\u00f1os de edad, ayer perdi\u00f3 la vida, tras caer de una barda de aproximadamente dos metros de alto, esto cuando realizaba algunas labores en su domicilio ubicado en la Avenida del Trabajo, en la comunidad de Atengo.<\/p>\n<p>\u00a0<\/p>\n<p>Testigos comentaron que poco antes de las 13 horas, el hombre cay\u00f3 al perder el equilibrio luego de haber subido a una barda de dos metros de altura, quedando sin vida en el lugar a consecuencia de los golpes.<\/p>\n<p>\u00a0<\/p>\n<p>La esposa del hoy occiso, mencion\u00f3 que se encontraban rodeando a sus animales, cuando sucedi\u00f3 el percance.<\/p>\n<p>\u00a0<\/p>\n<p>Tras los hechos lleg\u00f3 al lugar Sergio Vaca, agente del Ministerio P\u00fablico, acompa\u00f1ado del perito Carlos Vieira Rosales, para dar fe de lo ocurrido y ordenar el traslado del cuerpo al Servicio M\u00e9dico Forense de funerales El \u00c1ngel.<\/p>\n","protected":false},"excerpt":{"rendered":"<p>Tezontepec de Aldama En la comunidad de Atengo<\/p>\n","protected":false},"author":93,"featured_media":0,"comment_status":"open","ping_status":"open","sticky":false,"template":"","format":"standard","meta":{"footnotes":""},"categories":[40],"tags":[],"class_list":["post-351","post","type-post","status-publish","format-standard","hentry","category-region"],"_links":{"self":[{"href":"https:\/\/plazajuarez.mx\/historico\/wp-json\/wp\/v2\/posts\/351","targetHints":{"allow":["GET"]}}],"collection":[{"href":"https:\/\/plazajuarez.mx\/historico\/wp-json\/wp\/v2\/posts"}],"about":[{"href":"https:\/\/plazajuarez.mx\/historico\/wp-json\/wp\/v2\/types\/post"}],"author":[{"embeddable":true,"href":"https:\/\/plazajuarez.mx\/historico\/wp-json\/wp\/v2\/users\/93"}],"replies":[{"embeddable":true,"href":"https:\/\/plazajuarez.mx\/historico\/wp-json\/wp\/v2\/comments?post=351"}],"version-history":[{"count":0,"href":"https:\/\/plazajuarez.mx\/historico\/wp-json\/wp\/v2\/posts\/351\/revisions"}],"wp:attachment":[{"href":"https:\/\/plazajuarez.mx\/historico\/wp-json\/wp\/v2\/media?parent=351"}],"wp:term":[{"taxonomy":"category","embeddable":true,"href":"https:\/\/plazajuarez.mx\/historico\/wp-json\/wp\/v2\/categories?post=351"},{"taxonomy":"post_tag","embeddable":true,"href":"https:\/\/plazajuarez.mx\/historico\/wp-json\/wp\/v2\/tags?post=351"}],"curies":[{"name":"wp","href":"https:\/\/api.w.org\/{rel}","templated":true}]}}