{"id":35066,"date":"2017-01-19T13:11:50","date_gmt":"2017-01-19T13:11:50","guid":{"rendered":"http:\/\/plazajuarez.mx\/index\/index.php\/2017\/01\/19\/alfil-negro-695\/"},"modified":"2017-01-19T13:11:50","modified_gmt":"2017-01-19T13:11:50","slug":"alfil-negro-695","status":"publish","type":"post","link":"https:\/\/plazajuarez.mx\/historico\/alfil-negro-695\/","title":{"rendered":"ALFIL NEGRO"},"content":{"rendered":"<p>(Hace unas horas un jovencito en Monterrey entr\u00f3 a su sal\u00f3n de clases con una pistola y dispar\u00f3 contra sus compa\u00f1eros y su maestra y al final se suicid\u00f3 en un hecho que es in\u00e9dito en nuestro pa\u00eds y que se presta muchas reflexiones, pero particularmente para aceptar que en la lucha contra la violencia nadie est\u00e1 sin responsabilidad y que todos tenemos algo qu\u00e9 hacer, porque cuando la violencia mortal llega hasta nuestros hijos, no hay manera de hacerse a un lado o de irse por la f\u00e1cil de culpar al de enfrente o peor tantito de pegar de gritos en el eterno esc\u00e1ndalo al que hemos recurrido por siglos para no comprometernos. Es la hora de hacer algo como padres de familia, como hermanos, como ciudadanos como hidalguenses,\u00a0 porque no vale que por irresponsables dejemos que empiecen a darse casos como el de Monterrey\u2026)<\/p>\n<p>  <!--more-->  <\/p>\n<p>NUNCA M\u00c1S LA QUIJADA DE BURRO DE CA\u00cdN<br \/>\u00bfD\u00f3nde est\u00e1 Abel tu hermano?&#8230;.\u201dno s\u00e9.\u00a0 \u00bfSoy Yo acaso Guardi\u00e1n de mi hermano?\u00a0 Dice el G\u00e9nesis que este di\u00e1logo se dio entre Jehov\u00e1 Y Ca\u00edn despu\u00e9s que \u00e9ste hab\u00eda matado con una quijada de burro seg\u00fan la tradici\u00f3n a su hermano, en lo que debe ser aceptado de acuerdo a la biblia como el primer crimen de la historia, el primer hecho de violencia,\u00a0 y desde luego el primer fratricidio pues es un hermano el que asesina a su hermano. Y como sea el primer hecho de violencia terrible que despu\u00e9s se multiplicar\u00eda tanto que nos alcanzar\u00eda hasta acciones como la de ayer en Monterrey.<br \/>Lo que pas\u00f3 el d\u00eda de ayer puede provocar muchas reacciones entre ellas las cl\u00e1sicas de quienes buscan culpables y se cubren de ceniza la cabeza culpando del hecho al vecino, y para lo sucedido a la autoridad, y en el extremo como ya es una costumbre que seguramente no faltar\u00e1 al Presidente de la Rep\u00fablica porque no\u00a0 cuesta nada y como que viste al que acusa. Total es la moda culparlo de todo y una mancha m\u00e1s al tigre no dice nada nuevo.<br \/>Sin embargo y aunque parece que no faltar\u00e1n los que caminen por esta senda facilona, el caso debe darnos la oportunidad de actuar de manera distinta, de aceptar nuestro papel de ciudadanos adultos y de aceptar que en este caso como en otros, no s\u00f3lo debemos jugar el papel de reclamar y culpar de todo a otros sino de ser responsables de lo que pasa y por lo mismo de ser parte de la soluci\u00f3n si queremos actuar como adultos y como mexicanos serios y como hidalguenses apegados a nuestra historia.<br \/>Porque no se vale sacarle el bulto a nuestra responsabilidad en este caso de la violencia, que aqu\u00ed se manifiesta en un ni\u00f1o pero que en nuestro estado ha encontrado muchas manifestaciones con cara de abusos sin que nosotros como ciudadanos hagamos nada, sino s\u00f3lo dejar hacer dejar pasar y si acaso criticar al gobierno y volver la cara para que otro arregle el desbarajuste que los vivos de siempre provocan porque nadie se atreve por lo menos a se\u00f1alar como abuso.<br \/>Todo indica que la mayor violencia que puede sufrir un pueblo es el de ser v\u00edctima de la corrupci\u00f3n por parte de quienes se dicen ser sus servidores y que quienes luchan para desterrarla merecen ser apoyados por lo menos con la simpat\u00eda ciudadana. Seguramente algo le dice esto, en la pol\u00edtica actual del gobernador OMAR FAYAD que ha hecho de la lucha contra los corruptos una bandera que se merece de parte de los hidalguenses su apoyo para frenar la voracidad de quienes usaban el poder para enriquecerse con el dinero del pueblo.<br \/>Con esa decisi\u00f3n\u00a0 no es de extra\u00f1ar que ayer mismo\u00a0 la Secretaria de Educaci\u00f3n P\u00fablica SAYONARA VARGAS\u00a0 anunciara las medidas que se fortalecer\u00e1n para frenar la violencia en las escuelas de Hidalgo: el Programa Nacional de Convivencia Escolar con atenci\u00f3n para 751 escuelas con servicio para 100 mil escolares y especial atenci\u00f3n al Programa estatal de Prevenci\u00f3n, Atenci\u00f3n y Erradicaci\u00f3n de la Violencia Escolar donde se detectan y canalizan las posibles manifestaciones de violencia\u00a0 adem\u00e1s de otras medidas que se robustecer\u00e1n para garantizar la tranquilidad en las escuelas del estado.<br \/>LAS FAMILIAS\u2026<br \/>Si bien es cierto que el estado responde con hechos a la inquietud que debe existir en las familias del estado, tambi\u00e9n lo es, que sin la participaci\u00f3n responsable de los padres de familia,\u00a0 Y SIN DUDA DE LOS MAESTROS\u00a0 y de todos nosotros, la meta de la paz en la entidad es muy dif\u00edcil. No es posible que la tranquilidad del estado\u00a0\u00a0 dependa de la voluntad en ocasiones de unos cuantos que pueden tomar las calles o las dependencias, en el\u00a0 uso leg\u00edtimo de su derecho a manifestarse pero en muchos casos lastimando el derecho de la mayor\u00eda a vivir en paz.<br \/>Una cosa es cierta, la quijada de Ca\u00edn no se debe desenterrar para la violencia como sucedi\u00f3 en Monterrey\u2026 eso depende de nosotros.<\/p>\n","protected":false},"excerpt":{"rendered":"<p>(Hace unas horas un jovencito en Monterrey entr\u00f3 a su sal\u00f3n de clases con una pistola y dispar\u00f3 contra sus compa\u00f1eros y su maestra y al final se suicid\u00f3 en un hecho que es in\u00e9dito en nuestro pa\u00eds y que se presta muchas reflexiones, pero particularmente para aceptar que en la lucha contra la violencia [&hellip;]<\/p>\n","protected":false},"author":93,"featured_media":0,"comment_status":"open","ping_status":"open","sticky":false,"template":"","format":"standard","meta":{"footnotes":""},"categories":[48],"tags":[],"class_list":["post-35066","post","type-post","status-publish","format-standard","hentry","category-adalberto-peralta"],"_links":{"self":[{"href":"https:\/\/plazajuarez.mx\/historico\/wp-json\/wp\/v2\/posts\/35066","targetHints":{"allow":["GET"]}}],"collection":[{"href":"https:\/\/plazajuarez.mx\/historico\/wp-json\/wp\/v2\/posts"}],"about":[{"href":"https:\/\/plazajuarez.mx\/historico\/wp-json\/wp\/v2\/types\/post"}],"author":[{"embeddable":true,"href":"https:\/\/plazajuarez.mx\/historico\/wp-json\/wp\/v2\/users\/93"}],"replies":[{"embeddable":true,"href":"https:\/\/plazajuarez.mx\/historico\/wp-json\/wp\/v2\/comments?post=35066"}],"version-history":[{"count":0,"href":"https:\/\/plazajuarez.mx\/historico\/wp-json\/wp\/v2\/posts\/35066\/revisions"}],"wp:attachment":[{"href":"https:\/\/plazajuarez.mx\/historico\/wp-json\/wp\/v2\/media?parent=35066"}],"wp:term":[{"taxonomy":"category","embeddable":true,"href":"https:\/\/plazajuarez.mx\/historico\/wp-json\/wp\/v2\/categories?post=35066"},{"taxonomy":"post_tag","embeddable":true,"href":"https:\/\/plazajuarez.mx\/historico\/wp-json\/wp\/v2\/tags?post=35066"}],"curies":[{"name":"wp","href":"https:\/\/api.w.org\/{rel}","templated":true}]}}