{"id":35061,"date":"2017-01-19T13:08:15","date_gmt":"2017-01-19T13:08:15","guid":{"rendered":"http:\/\/plazajuarez.mx\/index\/index.php\/2017\/01\/19\/retienen-unidades-de-barcel-la-costena-y-bimbo\/"},"modified":"2017-01-19T13:08:15","modified_gmt":"2017-01-19T13:08:15","slug":"retienen-unidades-de-barcel-la-costena-y-bimbo","status":"publish","type":"post","link":"https:\/\/plazajuarez.mx\/historico\/retienen-unidades-de-barcel-la-costena-y-bimbo\/","title":{"rendered":"Retienen unidades de Barcel, La Coste\u00f1a y Bimbo"},"content":{"rendered":"<p>Ixmiquilpan<\/p>\n<p>Movimiento mantiene su protesta contra el gasolinazo, anuncian que retendr\u00e1n unidades de compa\u00f1\u00edas que consideran de capital transnacional<\/p>\n<p>  <!--more-->  <\/p>\n<p>Integrantes del movimiento que mantiene su protesta en Ixmiquilpan contra el alza de precios de los combustibles retuvieron unidades de Barcel, La Coste\u00f1a, Bimbo, entre otras, por considerarlas parte de los capitales transnacionales. <br \/>Aunque se ha levantado el bloqueo sobre la carretera M\u00e9xico-Laredo a la altura de El Fitzhi, se mantiene la postura de que podr\u00eda nuevamente ser cerrada en protesta por el alza de precios a los combustibles. <br \/>Mientras, se mantienen guardias que impedir\u00e1n el paso de marcas de productos, asimismo la apertura de tiendas transnacionales. <br \/>Dentro de los acuerdos en su asamblea, est\u00e1 el impedir que las tiendas Comercial Mexicana, Coppel, Elektra, Aurrera, algunos Oxxo, Coca-Cola, entre otras, lleven a cabo sus operaciones, como parte de los principios del movimiento, de fortalecimiento al mercado interno. <br \/>Algunas tiendas Oxxo, como la de El Teph\u00e9, Portezuelo y Bondho, han comenzado a brindar servicio de manera ordinaria, mientras que Elektra y Coppel, estar\u00e1n brindando servicio s\u00f3lo para recibir abonos por parte de los usuarios. <br \/>El martes, Banorte no brind\u00f3 servicio. El mi\u00e9rcoles la Comisi\u00f3n Federal de Electricidad, abri\u00f3 operaciones, debido a que desde los bloqueos no se ha prestado servicio a la poblaci\u00f3n, ni en cuestiones administrativas como tampoco en labor de campo.<br \/>Los manifestantes, sostuvieron que la apertura de la carretera federal se dio mediante un acuerdo interno, en una asamblea, que ninguna autoridad municipal, estatal o de la Federaci\u00f3n, participaron. Descartaron alguna relaci\u00f3n pol\u00edtica con alguna autoridad. <br \/>El martes anunciaron que ayer mi\u00e9rcoles, en la ciudad de Pachuca, llevar\u00edan a cabo una manifestaci\u00f3n que partir\u00e1 de la glorieta 24 Horas hacia el Palacio de Gobierno, donde Ixmiquilpan encabezar\u00eda estas movilizaciones contra el gasolinazo. En esta marcha, se espera gente de los 84 municipios de la entidad.<\/p>\n","protected":false},"excerpt":{"rendered":"<p>Ixmiquilpan Movimiento mantiene su protesta contra el gasolinazo, anuncian que retendr\u00e1n unidades de compa\u00f1\u00edas que consideran de capital transnacional<\/p>\n","protected":false},"author":93,"featured_media":0,"comment_status":"open","ping_status":"open","sticky":false,"template":"","format":"standard","meta":{"footnotes":""},"categories":[40],"tags":[],"class_list":["post-35061","post","type-post","status-publish","format-standard","hentry","category-region"],"_links":{"self":[{"href":"https:\/\/plazajuarez.mx\/historico\/wp-json\/wp\/v2\/posts\/35061","targetHints":{"allow":["GET"]}}],"collection":[{"href":"https:\/\/plazajuarez.mx\/historico\/wp-json\/wp\/v2\/posts"}],"about":[{"href":"https:\/\/plazajuarez.mx\/historico\/wp-json\/wp\/v2\/types\/post"}],"author":[{"embeddable":true,"href":"https:\/\/plazajuarez.mx\/historico\/wp-json\/wp\/v2\/users\/93"}],"replies":[{"embeddable":true,"href":"https:\/\/plazajuarez.mx\/historico\/wp-json\/wp\/v2\/comments?post=35061"}],"version-history":[{"count":0,"href":"https:\/\/plazajuarez.mx\/historico\/wp-json\/wp\/v2\/posts\/35061\/revisions"}],"wp:attachment":[{"href":"https:\/\/plazajuarez.mx\/historico\/wp-json\/wp\/v2\/media?parent=35061"}],"wp:term":[{"taxonomy":"category","embeddable":true,"href":"https:\/\/plazajuarez.mx\/historico\/wp-json\/wp\/v2\/categories?post=35061"},{"taxonomy":"post_tag","embeddable":true,"href":"https:\/\/plazajuarez.mx\/historico\/wp-json\/wp\/v2\/tags?post=35061"}],"curies":[{"name":"wp","href":"https:\/\/api.w.org\/{rel}","templated":true}]}}