{"id":35059,"date":"2017-01-19T13:07:42","date_gmt":"2017-01-19T13:07:42","guid":{"rendered":"http:\/\/plazajuarez.mx\/index\/index.php\/2017\/01\/19\/los-han-dejado-sin-luz-por-robo-de-cable-exigen-se-aplique-la-ley-a-los-rateros\/"},"modified":"2017-01-19T13:07:42","modified_gmt":"2017-01-19T13:07:42","slug":"los-han-dejado-sin-luz-por-robo-de-cable-exigen-se-aplique-la-ley-a-los-rateros","status":"publish","type":"post","link":"https:\/\/plazajuarez.mx\/historico\/los-han-dejado-sin-luz-por-robo-de-cable-exigen-se-aplique-la-ley-a-los-rateros\/","title":{"rendered":"Los han dejado sin luz, por robo de cable, exigen se aplique la ley a los rateros"},"content":{"rendered":"<p>Tezontepec de Aldama-Tula de Allende<br \/>Decenas acuden a la PGR para exigir se aplique todo el peso de la ley a dos \u201crobacable\u201d; llevaban en su veh\u00edculo m\u00e1s de 300 kilos de cable del que no pudieron comprobar su procedencia <\/p>\n<p>  <!--more-->  <\/p>\n<p>Vecinos de diferentes comunidades acudieron el martes a las oficinas de la PGR en Tula, para exigir se aplique todo el peso de la ley contra dos sujetos que\u00a0 fueron detenidos por agentes de la Polic\u00eda Estatal, al transportar en un veh\u00edculo Dart K m\u00e1s de 300 kilos de cable del que no pudieron comprobar su procedencia.<\/p>\n<p>Los vecinos de comunidad de Mangas, de Tezontepec de Aldama y de El Llano segunda secci\u00f3n, de Tula, se\u00f1alaron que en diversas localidades han sufrido el robo de cable, por lo que no pod\u00edan permitir que los dos individuos,\u00a0 quienes dijeron ser vecinos del Estado de M\u00e9xico, quedaran libres.<\/p>\n<p>Los colonos se dijeron cansados de atracos, ya que el robo constante del cable provoca que se queden por d\u00edas sin energ\u00eda, y que eso deriva que enfrenten inseguridad y se vean afectadas sus actividades cotidianas. <\/p>\n<p>Se inform\u00f3 que los indiciados fueron detenidos la madrugada de ayer, sobre la carretera Tula-Tlahuelilpan, a la altura de Los Manantiales, cuando circulaban a bordo de un veh\u00edculo particular.<\/p>\n<p>Los aprehendidos dijeron llamarse \u00c1ngel \u201cG\u201d, de 24 a\u00f1os y Hugo \u201cC\u201d, de 32 a\u00f1os.<\/p>\n<p>Por \u00faltimo, los pobladores advirtieron que si las autoridades no hacen valer la ley, ellos har\u00e1n justicia por su propia mano.\u00a0<\/p>\n","protected":false},"excerpt":{"rendered":"<p>Tezontepec de Aldama-Tula de AllendeDecenas acuden a la PGR para exigir se aplique todo el peso de la ley a dos \u201crobacable\u201d; llevaban en su veh\u00edculo m\u00e1s de 300 kilos de cable del que no pudieron comprobar su procedencia<\/p>\n","protected":false},"author":93,"featured_media":0,"comment_status":"open","ping_status":"open","sticky":false,"template":"","format":"standard","meta":{"footnotes":""},"categories":[40],"tags":[],"class_list":["post-35059","post","type-post","status-publish","format-standard","hentry","category-region"],"_links":{"self":[{"href":"https:\/\/plazajuarez.mx\/historico\/wp-json\/wp\/v2\/posts\/35059","targetHints":{"allow":["GET"]}}],"collection":[{"href":"https:\/\/plazajuarez.mx\/historico\/wp-json\/wp\/v2\/posts"}],"about":[{"href":"https:\/\/plazajuarez.mx\/historico\/wp-json\/wp\/v2\/types\/post"}],"author":[{"embeddable":true,"href":"https:\/\/plazajuarez.mx\/historico\/wp-json\/wp\/v2\/users\/93"}],"replies":[{"embeddable":true,"href":"https:\/\/plazajuarez.mx\/historico\/wp-json\/wp\/v2\/comments?post=35059"}],"version-history":[{"count":0,"href":"https:\/\/plazajuarez.mx\/historico\/wp-json\/wp\/v2\/posts\/35059\/revisions"}],"wp:attachment":[{"href":"https:\/\/plazajuarez.mx\/historico\/wp-json\/wp\/v2\/media?parent=35059"}],"wp:term":[{"taxonomy":"category","embeddable":true,"href":"https:\/\/plazajuarez.mx\/historico\/wp-json\/wp\/v2\/categories?post=35059"},{"taxonomy":"post_tag","embeddable":true,"href":"https:\/\/plazajuarez.mx\/historico\/wp-json\/wp\/v2\/tags?post=35059"}],"curies":[{"name":"wp","href":"https:\/\/api.w.org\/{rel}","templated":true}]}}