{"id":34966,"date":"2017-01-17T16:13:17","date_gmt":"2017-01-17T16:13:17","guid":{"rendered":"http:\/\/plazajuarez.mx\/index\/index.php\/2017\/01\/17\/vinculan-a-proceso-a-fabian-espana-agresor-de-ana-guevara\/"},"modified":"2017-01-17T16:13:17","modified_gmt":"2017-01-17T16:13:17","slug":"vinculan-a-proceso-a-fabian-espana-agresor-de-ana-guevara","status":"publish","type":"post","link":"https:\/\/plazajuarez.mx\/historico\/vinculan-a-proceso-a-fabian-espana-agresor-de-ana-guevara\/","title":{"rendered":"Vinculan a proceso a Fabi\u00e1n Espa\u00f1a, agresor de Ana Guevara"},"content":{"rendered":"<p style=\"text-align: justify;\">Un juez federal determin\u00f3 vincular a proceso y orden\u00f3 prisi\u00f3n preventiva para Fabi\u00e1n Espa\u00f1a Moya, presunto agresor de la senadora del Partido del Trabajo (PT), Ana Gabriela Guevara.<\/p>\n<p>  <!--more-->  <\/p>\n<p style=\"text-align: justify;\">Espa\u00f1a Moya fue vinculado a proceso por el delito de lesiones; el delito de da\u00f1o a propiedad no le fue imputado.<\/p>\n<p style=\"text-align: justify;\">Tras una audiencia que se prolong\u00f3 m\u00e1s de seis horas en el Centro de Justicia Penal Federal, en Nezahualc\u00f3yotl, el abogado de Espa\u00f1a Moya, Pablo Ram\u00edrez, inform\u00f3 que el juez no otorg\u00f3 el beneficio de la fianza para que su cliente enfrentara el proceso en libertad.<\/p>\n<p style=\"text-align: justify;\">&#8220;El se\u00f1or fiscal solicit\u00f3 como medida cautelar la prisi\u00f3n preventiva y el juez la decret\u00f3, entonces Fabi\u00e1n queda en este momento en prisi\u00f3n preventiva y enfrentar\u00e1 todo el proceso privado de su libertad&#8221;, comento el litigante.<\/p>\n<p style=\"text-align: justify;\">Ram\u00edrez inform\u00f3 que el proceso de investigaci\u00f3n determinado por el juez es de tres meses para definir la resoluci\u00f3n por el caso.<\/p>\n<p style=\"text-align: justify;\">Inform\u00f3 que en la carpeta de investigaci\u00f3n no se menciona que Espa\u00f1a Moya estuviera armado el d\u00eda de la agresi\u00f3n.<\/p>\n<p style=\"text-align: justify;\">La ex medallista ol\u00edmpica celebr\u00f3 la decisi\u00f3n del juez y se mantuvo firme en su decisi\u00f3n de no otorgar el perd\u00f3n.<\/p>\n<p style=\"text-align: justify;\">&#8220;El propio juez lo dijo, es una amenaza para la sociedad y por eso la orden de aprehensi\u00f3n&#8221;, coment\u00f3.<\/p>\n<p style=\"text-align: justify;\">Guevara asegur\u00f3 que no dar\u00e1 marcha atr\u00e1s y que dejar\u00eda que el proceso contin\u00fae su curso.<\/p>\n<p style=\"text-align: justify;\">El pasado 11 de diciembre en la carretera Toluca-M\u00e9xico, a la altura de la avenida las Torres, municipio de Lerma, Estado de M\u00e9xico, la senadora fue v\u00edctima de una agresi\u00f3n a golpes cuando viajaba a bordo de su motocicleta en compa\u00f1\u00eda de su amiga Karyna Rinc\u00f3n.<\/p>\n<p style=\"text-align: justify;\">Guevara y Rinc\u00f3n declararon ante el juez y versiones de familiares del imputado que estuvieron presentes en la audiencia se\u00f1alan que ambas mujeres declararon haber sido agredidas.<\/p>\n<p style=\"text-align: justify;\">Un grupo de aproximadamente 20 personas permaneci\u00f3 afuera de las instalaciones de los juzgados en apoyo a Espa\u00f1a Moya.<\/p>\n<p style=\"text-align: justify;\">Con pancartas y gritos solicitaron a la senadora que otorgue el perd\u00f3n.<\/p>\n<p style=\"text-align: justify;\">&#8220;Queremos igualdad y que Ana diga la verdad&#8221;, gritaban durante la audiencia.<\/p>\n<p style=\"text-align: justify;\">Familiares de Espa\u00f1a Moya salieron del Centro de Justicia Penal Federal llorando, lo que desat\u00f3 la ira de los simpatizantes del ex polic\u00eda, quienes amenazaban con no permitir que la senadora se fuera.<\/p>\n<p style=\"text-align: justify;\">Cuando Ana Gabriela Guevara sali\u00f3 fue sorprendida por los manifestantes quienes le gritaban &#8220;abuso de poder&#8221;. Incluso un par de mujeres se aproximaron a ella para suplicarle que retirara los cargos, pero la legisladora las ignor\u00f3.<\/p>\n<p style=\"text-align: justify;\">\u00a0<\/p>\n<p class=\"MsoNormal\" style=\"text-align: justify;\">El abogado del presunto agresor no inform\u00f3 a qu\u00e9 penal ser\u00eda trasladado su cliente.<\/p>\n","protected":false},"excerpt":{"rendered":"<p>Un juez federal determin\u00f3 vincular a proceso y orden\u00f3 prisi\u00f3n preventiva para Fabi\u00e1n Espa\u00f1a Moya, presunto agresor de la senadora del Partido del Trabajo (PT), Ana Gabriela Guevara.<\/p>\n","protected":false},"author":6,"featured_media":0,"comment_status":"open","ping_status":"open","sticky":false,"template":"","format":"standard","meta":{"footnotes":""},"categories":[37],"tags":[],"class_list":["post-34966","post","type-post","status-publish","format-standard","hentry","category-barandilla"],"_links":{"self":[{"href":"https:\/\/plazajuarez.mx\/historico\/wp-json\/wp\/v2\/posts\/34966","targetHints":{"allow":["GET"]}}],"collection":[{"href":"https:\/\/plazajuarez.mx\/historico\/wp-json\/wp\/v2\/posts"}],"about":[{"href":"https:\/\/plazajuarez.mx\/historico\/wp-json\/wp\/v2\/types\/post"}],"author":[{"embeddable":true,"href":"https:\/\/plazajuarez.mx\/historico\/wp-json\/wp\/v2\/users\/6"}],"replies":[{"embeddable":true,"href":"https:\/\/plazajuarez.mx\/historico\/wp-json\/wp\/v2\/comments?post=34966"}],"version-history":[{"count":0,"href":"https:\/\/plazajuarez.mx\/historico\/wp-json\/wp\/v2\/posts\/34966\/revisions"}],"wp:attachment":[{"href":"https:\/\/plazajuarez.mx\/historico\/wp-json\/wp\/v2\/media?parent=34966"}],"wp:term":[{"taxonomy":"category","embeddable":true,"href":"https:\/\/plazajuarez.mx\/historico\/wp-json\/wp\/v2\/categories?post=34966"},{"taxonomy":"post_tag","embeddable":true,"href":"https:\/\/plazajuarez.mx\/historico\/wp-json\/wp\/v2\/tags?post=34966"}],"curies":[{"name":"wp","href":"https:\/\/api.w.org\/{rel}","templated":true}]}}