{"id":34965,"date":"2017-01-17T12:50:45","date_gmt":"2017-01-17T12:50:45","guid":{"rendered":"http:\/\/plazajuarez.mx\/index\/index.php\/2017\/01\/17\/actores-politicos-buscan-beneficiarse-de-las-manifestaciones\/"},"modified":"2017-01-17T12:50:45","modified_gmt":"2017-01-17T12:50:45","slug":"actores-politicos-buscan-beneficiarse-de-las-manifestaciones","status":"publish","type":"post","link":"https:\/\/plazajuarez.mx\/historico\/actores-politicos-buscan-beneficiarse-de-las-manifestaciones\/","title":{"rendered":"Actores pol\u00edticos buscan beneficiarse de las manifestaciones"},"content":{"rendered":"<p>EN HIDALGO<\/p>\n<p>Asegur\u00f3 Sim\u00f3n Vargas que ya tienen identificados a algunos que incluso no son del estado<\/p>\n<p>  <!--more-->  <\/p>\n<p>El titular de la Secretar\u00eda de Gobierno del estado de Hidalgo, Sim\u00f3n Vargas Aguilar, se\u00f1al\u00f3 que derivado de la situaci\u00f3n que se gener\u00f3 por los disturbios referentes a las manifestaciones contra el gasolinazo en Hidalgo, contin\u00faan las investigaciones a fin de fincar responsabilidades a los que aprovecharon las manifestaciones para cometer algunos delitos.<\/p>\n<p>De igual forma se\u00f1al\u00f3 que han detectado algunos actores pol\u00edticos que han buscado sacar provecho de dichas manifestaciones e incluso se\u00f1al\u00f3 que algunos no son del estado, sin embargo se\u00f1al\u00f3 que hasta que no concluyan las investigaciones no se deber\u00e1 emitir\u00a0 ning\u00fan nombre, a fin de que los se\u00f1alamientos se hagan con certeza y en el momento preciso.<\/p>\n<p>\u201cMire, todos sabemos algunos trasfondos que existen, y una vez que tengamos la comprobaci\u00f3n y pruebas de esto los daremos a conocer, incluso gente de otras entidades. No diremos m\u00e1s por el avance de las investigaciones pero los tenemos detectados\u201d, asever\u00f3.<\/p>\n<p>Por otra parte se\u00f1al\u00f3 que aunque revertir el costo de las gasolinas no es un tema que est\u00e9 en manos del gobierno estatal, contin\u00faan las mesas de di\u00e1logo con los manifestantes que mantienen algunos bloqueos en distintos puntos del Valle del Mezquital.<\/p>\n<p>Finalmente, expres\u00f3 que hay gobernabilidad, que no hay violencia en los bloqueos, y que se espera que se mantenga un estado de paz social, y se\u00f1al\u00f3 que hasta el momento contin\u00faa la evaluaci\u00f3n de p\u00e9rdidas generadas por la situaci\u00f3n que en Ixmiquilpan dej\u00f3 dos muertos.<\/p>\n<p>Lo anterior tras la conmemoraci\u00f3n de la 148 erecci\u00f3n del estado de Hidalgo, celebraci\u00f3n que se realiz\u00f3 en la Plaza Ju\u00e1rez de Pachuca, y a la cual acudieron funcionarios de todos los niveles de gobierno, as\u00ed como de los tres poderes.<\/p>\n","protected":false},"excerpt":{"rendered":"<p>EN HIDALGO Asegur\u00f3 Sim\u00f3n Vargas que ya tienen identificados a algunos que incluso no son del estado<\/p>\n","protected":false},"author":93,"featured_media":0,"comment_status":"open","ping_status":"open","sticky":false,"template":"","format":"standard","meta":{"footnotes":""},"categories":[59],"tags":[],"class_list":["post-34965","post","type-post","status-publish","format-standard","hentry","category-general"],"_links":{"self":[{"href":"https:\/\/plazajuarez.mx\/historico\/wp-json\/wp\/v2\/posts\/34965","targetHints":{"allow":["GET"]}}],"collection":[{"href":"https:\/\/plazajuarez.mx\/historico\/wp-json\/wp\/v2\/posts"}],"about":[{"href":"https:\/\/plazajuarez.mx\/historico\/wp-json\/wp\/v2\/types\/post"}],"author":[{"embeddable":true,"href":"https:\/\/plazajuarez.mx\/historico\/wp-json\/wp\/v2\/users\/93"}],"replies":[{"embeddable":true,"href":"https:\/\/plazajuarez.mx\/historico\/wp-json\/wp\/v2\/comments?post=34965"}],"version-history":[{"count":0,"href":"https:\/\/plazajuarez.mx\/historico\/wp-json\/wp\/v2\/posts\/34965\/revisions"}],"wp:attachment":[{"href":"https:\/\/plazajuarez.mx\/historico\/wp-json\/wp\/v2\/media?parent=34965"}],"wp:term":[{"taxonomy":"category","embeddable":true,"href":"https:\/\/plazajuarez.mx\/historico\/wp-json\/wp\/v2\/categories?post=34965"},{"taxonomy":"post_tag","embeddable":true,"href":"https:\/\/plazajuarez.mx\/historico\/wp-json\/wp\/v2\/tags?post=34965"}],"curies":[{"name":"wp","href":"https:\/\/api.w.org\/{rel}","templated":true}]}}