{"id":34960,"date":"2017-01-17T12:47:06","date_gmt":"2017-01-17T12:47:06","guid":{"rendered":"http:\/\/plazajuarez.mx\/index\/index.php\/2017\/01\/17\/toma-posesio-n-el-nuevo-comandante-de-la-18-zona-militar\/"},"modified":"2017-01-17T12:47:06","modified_gmt":"2017-01-17T12:47:06","slug":"toma-posesio-n-el-nuevo-comandante-de-la-18-zona-militar","status":"publish","type":"post","link":"https:\/\/plazajuarez.mx\/historico\/toma-posesio-n-el-nuevo-comandante-de-la-18-zona-militar\/","title":{"rendered":"Toma posesio\u0301n el nuevo Comandante de la 18 Zona Militar"},"content":{"rendered":"<p>En el marco del 148 Aniversario de la Creaci\u00f3n del Estado<\/p>\n<p>  <!--more-->  <\/p>\n<p>En el marco del 148 Aniversario de la Creaci\u00f3n del Estado, el Gobernador Omar Fayad asisti\u00f3 acompa\u00f1ado de miembros de su gabinete a la Ceremonia de la Toma de Posesi\u00f3n del General Xicot\u00e9ncatl de Azolohua N\u00fa\u00f1ez M\u00e1rquez, nuevo comandante de la 18 Zona Militar. <br \/>En presencia de representantes del Poder Legislativo, autoridades militares y la Presidenta Municipal de Pachuca, el mandatario hidalguense destac\u00f3 la labor que realizan nuestros militares en beneficio de las familias de Hidalgo y de M\u00e9xico. Al mismo tiempo el l\u00edder del Ejecutivo, reconoci\u00f3 la labor que el General N\u00fa\u00f1ez desempe\u00f1ar\u00e1 en su nuevo encargo.\u00a0 <br \/>Durante el evento, se rindieron honores a la bandera al lado de mujeres y hombres que todos los d\u00edas con orgullo salvaguardan la soberan\u00eda de nuestro pa\u00eds.<\/p>\n","protected":false},"excerpt":{"rendered":"<p>En el marco del 148 Aniversario de la Creaci\u00f3n del Estado<\/p>\n","protected":false},"author":93,"featured_media":0,"comment_status":"open","ping_status":"open","sticky":false,"template":"","format":"standard","meta":{"footnotes":""},"categories":[59],"tags":[],"class_list":["post-34960","post","type-post","status-publish","format-standard","hentry","category-general"],"_links":{"self":[{"href":"https:\/\/plazajuarez.mx\/historico\/wp-json\/wp\/v2\/posts\/34960","targetHints":{"allow":["GET"]}}],"collection":[{"href":"https:\/\/plazajuarez.mx\/historico\/wp-json\/wp\/v2\/posts"}],"about":[{"href":"https:\/\/plazajuarez.mx\/historico\/wp-json\/wp\/v2\/types\/post"}],"author":[{"embeddable":true,"href":"https:\/\/plazajuarez.mx\/historico\/wp-json\/wp\/v2\/users\/93"}],"replies":[{"embeddable":true,"href":"https:\/\/plazajuarez.mx\/historico\/wp-json\/wp\/v2\/comments?post=34960"}],"version-history":[{"count":0,"href":"https:\/\/plazajuarez.mx\/historico\/wp-json\/wp\/v2\/posts\/34960\/revisions"}],"wp:attachment":[{"href":"https:\/\/plazajuarez.mx\/historico\/wp-json\/wp\/v2\/media?parent=34960"}],"wp:term":[{"taxonomy":"category","embeddable":true,"href":"https:\/\/plazajuarez.mx\/historico\/wp-json\/wp\/v2\/categories?post=34960"},{"taxonomy":"post_tag","embeddable":true,"href":"https:\/\/plazajuarez.mx\/historico\/wp-json\/wp\/v2\/tags?post=34960"}],"curies":[{"name":"wp","href":"https:\/\/api.w.org\/{rel}","templated":true}]}}