{"id":3492,"date":"2015-04-09T05:00:00","date_gmt":"2015-04-09T05:00:00","guid":{"rendered":"http:\/\/plazajuarez.mx\/index\/index.php\/2015\/04\/09\/sos-en-el-tribunal-electoral\/"},"modified":"2015-04-09T05:00:00","modified_gmt":"2015-04-09T05:00:00","slug":"sos-en-el-tribunal-electoral","status":"publish","type":"post","link":"https:\/\/plazajuarez.mx\/historico\/sos-en-el-tribunal-electoral\/","title":{"rendered":"SOS en el Tribunal Electoral"},"content":{"rendered":"<p>Bajo Reserva Expr\u00e9s \u00a0\u00a0<\/p>\n<p>En caso de que los senadores regresen la terna de candidatos que envi\u00f3 la Corte de Justicia para cubrir la vacante que quedar\u00e1 en el Tribunal Electoral del Poder Judicial de la Federaci\u00f3n, con la salida del magistrado Alejandro Luna Ramos, el problema va a ser encontrar candidatos, nos dicen.<\/p>\n<p>  <!--more-->  <\/p>\n<p>\u00a0<\/p>\n<p>Pr\u00e1cticamente, nos hacen notar, no hay interesados en ocupar este espacio clave para los pr\u00f3ximos comicios, porque el nombramiento s\u00f3lo es por 16 meses, y los candidatos fuertes a ocupar un espacio en el TEPJF prefieren esperarse al 2016 para ocupar uno por 10 a\u00f1os.<\/p>\n<p>El problema, nos recuerdan, es de origen: el Senado decidi\u00f3 en 2006 renovar a los integrantes del tribunal electoral y al \u00fanico que no cambi\u00f3 fue al magistrado Luna Ramos ni le alarg\u00f3 su periodo para que salieran los siete magistrados al mismo tiempo, en noviembre de 2016. Don Alejandro deja el puesto el pr\u00f3ximo 22 de abril.<\/p>\n<p>Y ahora el resultado es que hay que cubrir una vacante en un momento clave, para los comicios de 2015, y solamente para un periodo muy breve. De ah\u00ed la falta de inter\u00e9s.<\/p>\n<p>De hecho, la apat\u00eda se mostr\u00f3 hace dos meses cuando la Corte lanz\u00f3 la convocatoria para que los interesados se inscribieran para seleccionar la terna que enviar\u00eda al Senado. El resultado fue que s\u00f3lo se anotaron para participar cinco y de ellos salieron los tres candidatos que ahora analiza el Senado: Javier Aguayo Silva, Enrique Aguirre Sald\u00edvar y Julio C\u00e9sar Cruz Ricardez.<\/p>\n<p>Por tanto, si regresan la terna a la Corte, en teor\u00eda de momento s\u00f3lo quedar\u00edan dos interesados. Y habr\u00eda que realizar una nueva convocatoria e iniciar un nuevo procedimiento, con la jornada electoral 2015 en puerta.<\/p>\n<p>Ah\u00ed se encuentra la justicia electoral, en un a\u00f1o de comicios. Y hay poco inter\u00e9s por un &#8220;huesito&#8221;&#8230;<\/p>\n","protected":false},"excerpt":{"rendered":"<p>Bajo Reserva Expr\u00e9s \u00a0\u00a0 En caso de que los senadores regresen la terna de candidatos que envi\u00f3 la Corte de Justicia para cubrir la vacante que quedar\u00e1 en el Tribunal Electoral del Poder Judicial de la Federaci\u00f3n, con la salida del magistrado Alejandro Luna Ramos, el problema va a ser encontrar candidatos, nos dicen.<\/p>\n","protected":false},"author":93,"featured_media":0,"comment_status":"open","ping_status":"open","sticky":false,"template":"","format":"standard","meta":{"footnotes":""},"categories":[42],"tags":[],"class_list":["post-3492","post","type-post","status-publish","format-standard","hentry","category-nuestrapalabra"],"_links":{"self":[{"href":"https:\/\/plazajuarez.mx\/historico\/wp-json\/wp\/v2\/posts\/3492","targetHints":{"allow":["GET"]}}],"collection":[{"href":"https:\/\/plazajuarez.mx\/historico\/wp-json\/wp\/v2\/posts"}],"about":[{"href":"https:\/\/plazajuarez.mx\/historico\/wp-json\/wp\/v2\/types\/post"}],"author":[{"embeddable":true,"href":"https:\/\/plazajuarez.mx\/historico\/wp-json\/wp\/v2\/users\/93"}],"replies":[{"embeddable":true,"href":"https:\/\/plazajuarez.mx\/historico\/wp-json\/wp\/v2\/comments?post=3492"}],"version-history":[{"count":0,"href":"https:\/\/plazajuarez.mx\/historico\/wp-json\/wp\/v2\/posts\/3492\/revisions"}],"wp:attachment":[{"href":"https:\/\/plazajuarez.mx\/historico\/wp-json\/wp\/v2\/media?parent=3492"}],"wp:term":[{"taxonomy":"category","embeddable":true,"href":"https:\/\/plazajuarez.mx\/historico\/wp-json\/wp\/v2\/categories?post=3492"},{"taxonomy":"post_tag","embeddable":true,"href":"https:\/\/plazajuarez.mx\/historico\/wp-json\/wp\/v2\/tags?post=3492"}],"curies":[{"name":"wp","href":"https:\/\/api.w.org\/{rel}","templated":true}]}}