{"id":34919,"date":"2017-01-17T12:10:14","date_gmt":"2017-01-17T12:10:14","guid":{"rendered":"http:\/\/plazajuarez.mx\/index\/index.php\/2017\/01\/17\/hallan-colgante-que-al-parecer-pertenecio-a-ana-frank\/"},"modified":"2017-01-17T12:10:14","modified_gmt":"2017-01-17T12:10:14","slug":"hallan-colgante-que-al-parecer-pertenecio-a-ana-frank","status":"publish","type":"post","link":"https:\/\/plazajuarez.mx\/historico\/hallan-colgante-que-al-parecer-pertenecio-a-ana-frank\/","title":{"rendered":"Hallan colgante que al parecer perteneci\u00f3 a Ana Frank"},"content":{"rendered":"<p>El medall\u00f3n es id\u00e9ntico a uno que usaba la autora; nunca se ha encontrado un objeto as\u00ed<\/p>\n<p>  <!--more-->  <\/p>\n<p>Un grupo de expertos hall\u00f3 en un campo de concentraci\u00f3n un colgante id\u00e9ntico a uno que perteneci\u00f3 a Ana Frank, inform\u00f3 el domingo el centro de estudios del Holocausto de Israel, Yad Vashem.<br \/>La instituci\u00f3n confirm\u00f3 que la prenda perteneci\u00f3 a Karoline Cohn, una ni\u00f1a jud\u00eda que pereci\u00f3 en el campo de Sobibor y al parecer conoc\u00eda a la autora del famoso diario. Ambas nacieron en Frankfurt en 1929, y nunca se ha hallado un medall\u00f3n como ese.<br \/>El objeto de forma triangular tiene en un lado las palabras &#8220;Mazal Tov&#8221; (&#8220;Felicidades&#8221;) inscritas en hebreo junto con la fecha de nacimiento de Cohn. En el otro est\u00e1 la letra hebrea &#8220;jei&#8221;, que se usa como referencia a Dios, y tres estrellas de David.<br \/>Los expertos est\u00e1n ahora tratando de contactar a los familiares que quedan de las dos ni\u00f1as, para determinar si hay alguna relaci\u00f3n.<br \/>Desde el 2007, la Autoridad de Antig\u00fcedades de Israel, junto con Yad Vashem, ha estado realizando excavaciones en ese campo de concentraci\u00f3n en Polonia en un innovador intento de investigaci\u00f3n sobre el Holocausto. El campo fue destruido en octubre de 1943 tras un alzamiento de los presos, y los nazis lo arrasaron y sembraron sobre sus ruinas a fin de ocultar los cr\u00edmenes cometidos all\u00ed. Pero arque\u00f3logos han logrado hallar los cimientos de las c\u00e1maras de gas y la plataforma donde se paraba el tren de carga.<br \/>M\u00e1s de 250 mil jud\u00edos murieron en Sobibor, en el este de Polonia, uno de los ejemplos m\u00e1s extremos de la &#8220;Soluci\u00f3n Final&#8221; que los nazis tramaron para exterminar al juda\u00edsmo europeo. Frank falleci\u00f3 en Bergen-Belsen, en el norte de Alemania, en 1945.<br \/>A diferencia de otros campos de concentraci\u00f3n que esgrim\u00edan una fachada de ser centros de detenci\u00f3n o de trabajos forzados, Sobibor y otros campos como los de Belzec y Treblinka fueron dise\u00f1ados espec\u00edficamente para el genocidio. Las v\u00edctimas eran llevadas ah\u00ed en trenes de carga y asesinadas en las c\u00e1maras de gas casi inmediatamente.<br \/>&#8220;Estos hallazgos recientes de las excavaciones en Sobibor constituyen un aporte importante a la documentaci\u00f3n y estudio del Holocausto, y nos ayudan a entender lo que ocurri\u00f3 en Sobibor, tanto en cuanto a la funci\u00f3n de ese campo de concentraci\u00f3n como en cuanto a la perspectiva de las v\u00edctimas&#8221;, dijo Havi Dreifuss, director de investigaciones internacionales de Yad Vashem.<\/p>\n","protected":false},"excerpt":{"rendered":"<p>El medall\u00f3n es id\u00e9ntico a uno que usaba la autora; nunca se ha encontrado un objeto as\u00ed<\/p>\n","protected":false},"author":93,"featured_media":0,"comment_status":"open","ping_status":"open","sticky":false,"template":"","format":"standard","meta":{"footnotes":""},"categories":[41],"tags":[],"class_list":["post-34919","post","type-post","status-publish","format-standard","hentry","category-arteria-cultural"],"_links":{"self":[{"href":"https:\/\/plazajuarez.mx\/historico\/wp-json\/wp\/v2\/posts\/34919","targetHints":{"allow":["GET"]}}],"collection":[{"href":"https:\/\/plazajuarez.mx\/historico\/wp-json\/wp\/v2\/posts"}],"about":[{"href":"https:\/\/plazajuarez.mx\/historico\/wp-json\/wp\/v2\/types\/post"}],"author":[{"embeddable":true,"href":"https:\/\/plazajuarez.mx\/historico\/wp-json\/wp\/v2\/users\/93"}],"replies":[{"embeddable":true,"href":"https:\/\/plazajuarez.mx\/historico\/wp-json\/wp\/v2\/comments?post=34919"}],"version-history":[{"count":0,"href":"https:\/\/plazajuarez.mx\/historico\/wp-json\/wp\/v2\/posts\/34919\/revisions"}],"wp:attachment":[{"href":"https:\/\/plazajuarez.mx\/historico\/wp-json\/wp\/v2\/media?parent=34919"}],"wp:term":[{"taxonomy":"category","embeddable":true,"href":"https:\/\/plazajuarez.mx\/historico\/wp-json\/wp\/v2\/categories?post=34919"},{"taxonomy":"post_tag","embeddable":true,"href":"https:\/\/plazajuarez.mx\/historico\/wp-json\/wp\/v2\/tags?post=34919"}],"curies":[{"name":"wp","href":"https:\/\/api.w.org\/{rel}","templated":true}]}}