{"id":3491,"date":"2015-04-09T05:00:00","date_gmt":"2015-04-09T05:00:00","guid":{"rendered":"http:\/\/plazajuarez.mx\/index\/index.php\/2015\/04\/09\/roma-estrenara-recorrido-por-el-foro-de-cesar\/"},"modified":"2015-04-09T05:00:00","modified_gmt":"2015-04-09T05:00:00","slug":"roma-estrenara-recorrido-por-el-foro-de-cesar","status":"publish","type":"post","link":"https:\/\/plazajuarez.mx\/historico\/roma-estrenara-recorrido-por-el-foro-de-cesar\/","title":{"rendered":"Roma estrenar\u00e1 recorrido por el Foro de C\u00e9sar"},"content":{"rendered":"<p>Roma estrenar\u00e1 un recorrido por el Foro de C\u00e9sar en el que, gracias a las tecnolog\u00edas digitales, los visitantes podr\u00e1n apreciar una reconstrucci\u00f3n de los templos, tribunales, la escuela y los comercios &#8220;tal y como eran en la Antig\u00fcedad&#8221;.<\/p>\n<p>El estreno del espect\u00e1culo, &#8220;Foro de C\u00e9sar. Un nuevo viaje en la historia de la Roma Antigua&#8221; ser\u00e1 el pr\u00f3ximo 25 de abril, con motivo del aniversario de la ciudad eterna y momento en el que se abrir\u00e1 por primera vez la galer\u00eda subterr\u00e1nea que conecta el Foro de C\u00e9sar con el de Trajano, descubierta en las excavaciones de 1930.<\/p>\n<p>  <!--more-->  <\/p>\n<p>\u00a0<\/p>\n<p>La iniciativa consiste en un paseo nocturno por el Foro del emperador m\u00e1s famoso de la Antigua Roma y el primero en construir un foro en su nombre, itinerario que ir\u00e1 acompa\u00f1ado de im\u00e1genes, v\u00eddeos y de una audiogu\u00eda disponible en ocho idiomas.<\/p>\n<p>El espect\u00e1culo audiovisual partir\u00e1 de las excavaciones para construir la V\u00eda de los Foros Imperiales, cuando mil 500 obreros tuvieron que excavar en profundidad el \u00e1rea para alcanzar el nivel del suelo de la Roma Antigua, y repasar\u00e1 los edificios que acogi\u00f3.<\/p>\n<p>El divulgador cient\u00edfico Piero Angela explic\u00f3 en la presentaci\u00f3n que el Foro de C\u00e9sar era administrativo y el recorrido mostrar\u00e1 &#8220;los tribunales, la Curia -sede del Senado- y el ambiente de una escuela en la que los ni\u00f1os aprenden a escribir con la obra de Horacio&#8221;.<\/p>\n<p>Tambi\u00e9n se apreciar\u00e1n, gracias a las nuevas tecnolog\u00edas, los negocios, las columnas, las tabernas e &#8220;incluso unos grandes servicios p\u00fablicos que demuestran que los romanos siempre han tenido una mentalidad pr\u00e1ctica&#8221;.<\/p>\n<p>Para el espect\u00e1culo, el Ayuntamiento de Roma situar\u00e1 una pasarela que conectar\u00e1 la Columna Trajana con el Foro de Trajano y que pasar\u00e1 por la galer\u00eda subterr\u00e1nea de los Foros hasta llegar al Foro de C\u00e9sar y salir por la Curia romana.<\/p>\n<p>\u00c1ngela celebr\u00f3 el proyecto como &#8220;una oportunidad para viajar en el tiempo&#8221; que conseguir\u00e1 difundir &#8220;una imagen del Foro diferente, renovada y m\u00e1s cercana a su historia&#8221;.<\/p>\n<p>El alcalde de Roma, Ignazio Marino, dijo en la conferencia de prensa que dar vida al Foro romano era uno de sus sue\u00f1os, ambici\u00f3n que comenz\u00f3 el a\u00f1o pasado con el espect\u00e1culo &#8220;Foro de Augusto. 2000 a\u00f1os despu\u00e9s&#8221;, una narraci\u00f3n audiovisual a partir de las piedras, fragmentos y columnas conservadas en la actualidad.<\/p>\n<p>Marino celebr\u00f3 que la mitad de los 820 mil euros (885 mil d\u00f3lares) invertidos en el proyecto &#8220;se han recuperado en solo cinco meses&#8221;, raz\u00f3n por la cual este a\u00f1o la ciudad capitolina ofrecer\u00e1 de nuevo el espect\u00e1culo y suma a \u00e9l el proyecto del Foro de C\u00e9sar.<\/p>\n<p>&#8220;En Roma hay ansia de cultura. Tenemos un patrimonio \u00fanico en el planeta y, finalmente, hemos decidido administrarlo en el modo correcto&#8221;, expres\u00f3.<\/p>\n","protected":false},"excerpt":{"rendered":"<p>Roma estrenar\u00e1 un recorrido por el Foro de C\u00e9sar en el que, gracias a las tecnolog\u00edas digitales, los visitantes podr\u00e1n apreciar una reconstrucci\u00f3n de los templos, tribunales, la escuela y los comercios &#8220;tal y como eran en la Antig\u00fcedad&#8221;. El estreno del espect\u00e1culo, &#8220;Foro de C\u00e9sar. Un nuevo viaje en la historia de la Roma [&hellip;]<\/p>\n","protected":false},"author":93,"featured_media":0,"comment_status":"open","ping_status":"open","sticky":false,"template":"","format":"standard","meta":{"footnotes":""},"categories":[41],"tags":[],"class_list":["post-3491","post","type-post","status-publish","format-standard","hentry","category-arteria-cultural"],"_links":{"self":[{"href":"https:\/\/plazajuarez.mx\/historico\/wp-json\/wp\/v2\/posts\/3491","targetHints":{"allow":["GET"]}}],"collection":[{"href":"https:\/\/plazajuarez.mx\/historico\/wp-json\/wp\/v2\/posts"}],"about":[{"href":"https:\/\/plazajuarez.mx\/historico\/wp-json\/wp\/v2\/types\/post"}],"author":[{"embeddable":true,"href":"https:\/\/plazajuarez.mx\/historico\/wp-json\/wp\/v2\/users\/93"}],"replies":[{"embeddable":true,"href":"https:\/\/plazajuarez.mx\/historico\/wp-json\/wp\/v2\/comments?post=3491"}],"version-history":[{"count":0,"href":"https:\/\/plazajuarez.mx\/historico\/wp-json\/wp\/v2\/posts\/3491\/revisions"}],"wp:attachment":[{"href":"https:\/\/plazajuarez.mx\/historico\/wp-json\/wp\/v2\/media?parent=3491"}],"wp:term":[{"taxonomy":"category","embeddable":true,"href":"https:\/\/plazajuarez.mx\/historico\/wp-json\/wp\/v2\/categories?post=3491"},{"taxonomy":"post_tag","embeddable":true,"href":"https:\/\/plazajuarez.mx\/historico\/wp-json\/wp\/v2\/tags?post=3491"}],"curies":[{"name":"wp","href":"https:\/\/api.w.org\/{rel}","templated":true}]}}