{"id":3490,"date":"2015-04-09T05:00:00","date_gmt":"2015-04-09T05:00:00","guid":{"rendered":"http:\/\/plazajuarez.mx\/index\/index.php\/2015\/04\/09\/novela-de-allende-llegara-a-la-television\/"},"modified":"2015-04-09T05:00:00","modified_gmt":"2015-04-09T05:00:00","slug":"novela-de-allende-llegara-a-la-television","status":"publish","type":"post","link":"https:\/\/plazajuarez.mx\/historico\/novela-de-allende-llegara-a-la-television\/","title":{"rendered":"Novela de Allende llegar\u00e1 a la televisi\u00f3n"},"content":{"rendered":"<p>La novela de Isabel Allende &#8220;In\u00e9s del alma m\u00eda&#8221;, que narra la historia real de In\u00e9s de Su\u00e1rez, una espa\u00f1ola que viaj\u00f3 a Am\u00e9rica en 1537 y particip\u00f3 en la conquista de Chile y en la fundaci\u00f3n de la ciudad de Santiago, ser\u00e1 llevada a la televisi\u00f3n, anunciaron sus productores.<\/p>\n<p>  <!--more-->  <\/p>\n<p>\u00a0<\/p>\n<p>&#8220;Espero mucho de este proyecto, porque tenemos un espacio que el cine no tiene&#8221;, dijo la escritora chilena, de 72 a\u00f1os, en la rueda de prensa de presentaci\u00f3n del proyecto.<\/p>\n<p>La serie de ocho cap\u00edtulos, una coproducci\u00f3n internacional comandada por el canal Chilevisi\u00f3n, se comenzar\u00e1 a realizar este a\u00f1o pero los productores a\u00fan no tiene fecha de estreno.<\/p>\n<p>La idea surgi\u00f3 hace dos a\u00f1os, cont\u00f3 el director ejecutivo de Chilevisi\u00f3n, Jaime de Aguirre. Ese fue el tiempo en que tardaron en convencer a la escritora de que el proyecto val\u00eda la pena y que ser\u00eda realizado con una buena factura.<\/p>\n<p>&#8220;En una pel\u00edcula hay que sintetizar todo en muy poco tiempo, en cambio en este espacio se pueden regodear, sacar a la luz detalles que s\u00f3lo est\u00e1n insinuados en el libro&#8221;, dijo Allende, que es considerada la autora en espa\u00f1ol con mayor proyecci\u00f3n internacional, con 57 millones de libros vendidos y traducciones a 35 idiomas.<\/p>\n<p>Para Allende, que ha rechazado muchas otras ofertas de transformar sus libros en proyectos audiovisuales, la historia de In\u00e9s Su\u00e1rez tiene una especial significaci\u00f3n.<\/p>\n<p>&#8220;Estoy feliz porque el personaje de In\u00e9s Su\u00e1rez me cautiv\u00f3 desde que estaba en el colegio donde apenas la mencionaron, porque los historiadores son especialistas en ocultar la historia de las mujeres&#8221;, dijo la escritora.<\/p>\n<p>Para ella, en cambio, se trata de un personaje excepcional: &#8220;salv\u00f3 dos veces la ciudad de Santiago y no se cu\u00e1ntas veces la vida de Pedro de Valdivia (el conquistador de Chile y su amante)&#8221;.<\/p>\n<p>A su juicio la protagonista de la historia es una mujer que est\u00e1 en el germen de lo que es la identidad de la mujer chilena por su inmenso coraje y valor, pero sobre todo, porque se mueve por amor.<\/p>\n<p>&#8220;Creo que representa la esencia de la mujer chilena, una mujer que es capaz de hacer todo por amor y con una tremenda valent\u00eda y coraje&#8221;, afirm\u00f3.<\/p>\n<p>Isabel Allende, radicada en California (EE.UU.), es desde 2004 miembro de la Academia Estadounidense de las Artes y las Letras y en 2010 gan\u00f3 el Premio Nacional de Literatura de su pa\u00eds.<\/p>\n<p>La autora de &#8220;La casa de los esp\u00edritus&#8221;, entre otras muchas obras, dijo este martes en Santiago que en su pa\u00eds la &#8220;basurearon por 30 a\u00f1os&#8221;.<\/p>\n<p>&#8220;Creo que el Premio Nacional me dio una categor\u00eda de respeto entre los intelectuales, no en el resto de la gente que siempre ha sido muy cari\u00f1osa. Pero esto \u00faltimo finalmente es lo que vale. Eso es lo que me importa: los lectores&#8221;, se\u00f1al\u00f3 en su discurso de investidura como doctora honoris causa por la Universidad de Santiago de Chile (USACH).<\/p>\n","protected":false},"excerpt":{"rendered":"<p>La novela de Isabel Allende &#8220;In\u00e9s del alma m\u00eda&#8221;, que narra la historia real de In\u00e9s de Su\u00e1rez, una espa\u00f1ola que viaj\u00f3 a Am\u00e9rica en 1537 y particip\u00f3 en la conquista de Chile y en la fundaci\u00f3n de la ciudad de Santiago, ser\u00e1 llevada a la televisi\u00f3n, anunciaron sus productores.<\/p>\n","protected":false},"author":93,"featured_media":0,"comment_status":"open","ping_status":"open","sticky":false,"template":"","format":"standard","meta":{"footnotes":""},"categories":[41],"tags":[],"class_list":["post-3490","post","type-post","status-publish","format-standard","hentry","category-arteria-cultural"],"_links":{"self":[{"href":"https:\/\/plazajuarez.mx\/historico\/wp-json\/wp\/v2\/posts\/3490","targetHints":{"allow":["GET"]}}],"collection":[{"href":"https:\/\/plazajuarez.mx\/historico\/wp-json\/wp\/v2\/posts"}],"about":[{"href":"https:\/\/plazajuarez.mx\/historico\/wp-json\/wp\/v2\/types\/post"}],"author":[{"embeddable":true,"href":"https:\/\/plazajuarez.mx\/historico\/wp-json\/wp\/v2\/users\/93"}],"replies":[{"embeddable":true,"href":"https:\/\/plazajuarez.mx\/historico\/wp-json\/wp\/v2\/comments?post=3490"}],"version-history":[{"count":0,"href":"https:\/\/plazajuarez.mx\/historico\/wp-json\/wp\/v2\/posts\/3490\/revisions"}],"wp:attachment":[{"href":"https:\/\/plazajuarez.mx\/historico\/wp-json\/wp\/v2\/media?parent=3490"}],"wp:term":[{"taxonomy":"category","embeddable":true,"href":"https:\/\/plazajuarez.mx\/historico\/wp-json\/wp\/v2\/categories?post=3490"},{"taxonomy":"post_tag","embeddable":true,"href":"https:\/\/plazajuarez.mx\/historico\/wp-json\/wp\/v2\/tags?post=3490"}],"curies":[{"name":"wp","href":"https:\/\/api.w.org\/{rel}","templated":true}]}}