{"id":3488,"date":"2015-04-09T05:00:00","date_gmt":"2015-04-09T05:00:00","guid":{"rendered":"http:\/\/plazajuarez.mx\/index\/index.php\/2015\/04\/09\/jenner-llora-en-entrevista\/"},"modified":"2015-04-09T05:00:00","modified_gmt":"2015-04-09T05:00:00","slug":"jenner-llora-en-entrevista","status":"publish","type":"post","link":"https:\/\/plazajuarez.mx\/historico\/jenner-llora-en-entrevista\/","title":{"rendered":"Jenner llora en entrevista"},"content":{"rendered":"<p>Los detalles sobre la que quiz\u00e1 es la entrevista m\u00e1s dif\u00edcil de Bruce Jenner se siguen dando a conocer y ahora trascendi\u00f3 que el padrastro de Kim Kardashian no puede contener sus emociones en su encuentro con la presentadora Diane Sawyer.<\/p>\n<p>  <!--more-->  <\/p>\n<p>\u00a0<\/p>\n<p>&#8220;En muchas ocasiones Bruce rompe a llorar cuando habla sobre su familia y su transici\u00f3n a mujer. Fue una entrevista dif\u00edcil para Bruce&#8221;, revel\u00f3 una fuente que estuvo en la conversaci\u00f3n.<\/p>\n<p>La entrevista ser\u00e1 transmitida el viernes 24 de abril por la cadena ABC News; en ella, el exatleta ol\u00edmpico explica su decisi\u00f3n de convertirse mujer y comparte el nombre que llevar\u00e1 con su nueva identidad.<\/p>\n<p>&#8220;Bruce va a revelar todo el esfuerzo que le est\u00e1 suponiendo su transici\u00f3n y por qu\u00e9 tard\u00f3 tanto en tomar la decisi\u00f3n. Tambi\u00e9n contar\u00e1 c\u00f3mo se lo ha tomado su familia y cu\u00e1les son las medidas que est\u00e1 llevando a cabo para completar el proceso&#8221;, a\u00f1adi\u00f3 el informante.<\/p>\n","protected":false},"excerpt":{"rendered":"<p>Los detalles sobre la que quiz\u00e1 es la entrevista m\u00e1s dif\u00edcil de Bruce Jenner se siguen dando a conocer y ahora trascendi\u00f3 que el padrastro de Kim Kardashian no puede contener sus emociones en su encuentro con la presentadora Diane Sawyer.<\/p>\n","protected":false},"author":93,"featured_media":0,"comment_status":"open","ping_status":"open","sticky":false,"template":"","format":"standard","meta":{"footnotes":""},"categories":[38],"tags":[],"class_list":["post-3488","post","type-post","status-publish","format-standard","hentry","category-show"],"_links":{"self":[{"href":"https:\/\/plazajuarez.mx\/historico\/wp-json\/wp\/v2\/posts\/3488","targetHints":{"allow":["GET"]}}],"collection":[{"href":"https:\/\/plazajuarez.mx\/historico\/wp-json\/wp\/v2\/posts"}],"about":[{"href":"https:\/\/plazajuarez.mx\/historico\/wp-json\/wp\/v2\/types\/post"}],"author":[{"embeddable":true,"href":"https:\/\/plazajuarez.mx\/historico\/wp-json\/wp\/v2\/users\/93"}],"replies":[{"embeddable":true,"href":"https:\/\/plazajuarez.mx\/historico\/wp-json\/wp\/v2\/comments?post=3488"}],"version-history":[{"count":0,"href":"https:\/\/plazajuarez.mx\/historico\/wp-json\/wp\/v2\/posts\/3488\/revisions"}],"wp:attachment":[{"href":"https:\/\/plazajuarez.mx\/historico\/wp-json\/wp\/v2\/media?parent=3488"}],"wp:term":[{"taxonomy":"category","embeddable":true,"href":"https:\/\/plazajuarez.mx\/historico\/wp-json\/wp\/v2\/categories?post=3488"},{"taxonomy":"post_tag","embeddable":true,"href":"https:\/\/plazajuarez.mx\/historico\/wp-json\/wp\/v2\/tags?post=3488"}],"curies":[{"name":"wp","href":"https:\/\/api.w.org\/{rel}","templated":true}]}}