{"id":348,"date":"2015-02-06T06:00:00","date_gmt":"2015-02-06T06:00:00","guid":{"rendered":"http:\/\/plazajuarez.mx\/index\/index.php\/2015\/02\/06\/nuevos-directores-en-carceles-de-hidalgo\/"},"modified":"2015-02-06T06:00:00","modified_gmt":"2015-02-06T06:00:00","slug":"nuevos-directores-en-carceles-de-hidalgo","status":"publish","type":"post","link":"https:\/\/plazajuarez.mx\/historico\/nuevos-directores-en-carceles-de-hidalgo\/","title":{"rendered":"Nuevos directores en c\u00e1rceles de Hidalgo"},"content":{"rendered":"<p>REALIZAN CAMBIOS EN 10 CENTROS DE READAPTACI\u00d3N SOCIAL\u00a0 <\/p>\n<p>El mes de febrero inici\u00f3 con un reacomodo de directivos en los Centros de Readaptaci\u00f3n Social (Cereso) ubicados en diversos puntos de la entidad, esto con la finalidad de evitar vicios y actos que pudieran propiciarse por la permanencia continua de los titulares.<\/p>\n<p>  <!--more-->  <\/p>\n<p>\u00a0<\/p>\n<p>Alfredo Alfredo Mayorga, titular de la Secretar\u00eda de Seguridad P\u00fablica de Hidalgo (SSPH), instruy\u00f3 la realizaci\u00f3n de movimientos en 10 penales ubicados en el estado.<\/p>\n<p>Por lo anterior, Rodolfo Paredes Carbajal, subsecretario de Reinserci\u00f3n Social y Jorge Lima Morales, director de Prevenci\u00f3n y Reinserci\u00f3n Social, fueron los encargados del reacomodo en los Ceresos y el Centro de Internamiento para Adolescentes.<\/p>\n<p>Los nombramientos se designaron de la siguiente manera: en Actopan, Francisco Gerardo Carmona Monta\u00f1o; en Apan, Sandra Ivonne Ortega \u00c1vila; en la Huasteca, Luis Antonio S\u00e1nchez Cruz; en Huichapan, Celestino Hern\u00e1ndez V\u00e1zquez; en Ixmiquilpan, Alba Nidia Garc\u00eda \u00c1vila; en Jacala, Rub\u00e9n P\u00e9rez P\u00e9rez; en Mixquiahuala, Juan Carlos Delgadillo Hern\u00e1ndez; en Molango, Aar\u00f3n Mois\u00e9s \u00c1ngeles Ju\u00e1rez; en Tenango, en Lorenzo Ju\u00e1rez P\u00e9rez; en Tula, Liborio Monter Fuentes y en el Centro de Internamiento para Adolescentes, Silvia Guerrero Caballero.<\/p>\n<p>La SSPH reiter\u00f3 que en el caso del penal de Pachuca y Tulancingo, se ratific\u00f3 en sus cargos al capit\u00e1n No\u00e9 Vite Rivera y Artemio Ramos Monta\u00f1o, respectivamente.<\/p>\n<p>Durante la reuni\u00f3n donde se design\u00f3 a los titulares de cada c\u00e1rcel, Rodolfo Paredes Carbajal, exhort\u00f3 a los que recibieron los nombramientos a mantener la l\u00ednea de trabajo del secretario Ahedo Mayorga.<\/p>\n<p>En este sentido, enfatiz\u00f3 que los nuevos directores no deber\u00e1n incurrir en actos de corrupci\u00f3n y se deber\u00e1 mantener el orden en los penales hidalguenses.<\/p>\n<p>Finalmente, mencion\u00f3 que el trato con los internos deber\u00e1 ser siempre en apego a sus derechos humanos, al tiempo en que se especific\u00f3 que los programas de reinserci\u00f3n social desarrollados al interior de los reclusorios se seguir\u00e1n llevando a cabo.<\/p>\n","protected":false},"excerpt":{"rendered":"<p>REALIZAN CAMBIOS EN 10 CENTROS DE READAPTACI\u00d3N SOCIAL\u00a0 El mes de febrero inici\u00f3 con un reacomodo de directivos en los Centros de Readaptaci\u00f3n Social (Cereso) ubicados en diversos puntos de la entidad, esto con la finalidad de evitar vicios y actos que pudieran propiciarse por la permanencia continua de los titulares.<\/p>\n","protected":false},"author":93,"featured_media":0,"comment_status":"open","ping_status":"open","sticky":false,"template":"","format":"standard","meta":{"footnotes":""},"categories":[37],"tags":[],"class_list":["post-348","post","type-post","status-publish","format-standard","hentry","category-barandilla"],"_links":{"self":[{"href":"https:\/\/plazajuarez.mx\/historico\/wp-json\/wp\/v2\/posts\/348","targetHints":{"allow":["GET"]}}],"collection":[{"href":"https:\/\/plazajuarez.mx\/historico\/wp-json\/wp\/v2\/posts"}],"about":[{"href":"https:\/\/plazajuarez.mx\/historico\/wp-json\/wp\/v2\/types\/post"}],"author":[{"embeddable":true,"href":"https:\/\/plazajuarez.mx\/historico\/wp-json\/wp\/v2\/users\/93"}],"replies":[{"embeddable":true,"href":"https:\/\/plazajuarez.mx\/historico\/wp-json\/wp\/v2\/comments?post=348"}],"version-history":[{"count":0,"href":"https:\/\/plazajuarez.mx\/historico\/wp-json\/wp\/v2\/posts\/348\/revisions"}],"wp:attachment":[{"href":"https:\/\/plazajuarez.mx\/historico\/wp-json\/wp\/v2\/media?parent=348"}],"wp:term":[{"taxonomy":"category","embeddable":true,"href":"https:\/\/plazajuarez.mx\/historico\/wp-json\/wp\/v2\/categories?post=348"},{"taxonomy":"post_tag","embeddable":true,"href":"https:\/\/plazajuarez.mx\/historico\/wp-json\/wp\/v2\/tags?post=348"}],"curies":[{"name":"wp","href":"https:\/\/api.w.org\/{rel}","templated":true}]}}