{"id":3435,"date":"2015-04-08T05:00:00","date_gmt":"2015-04-08T05:00:00","guid":{"rendered":"http:\/\/plazajuarez.mx\/index\/index.php\/2015\/04\/08\/hospitalizan-a-b-b-king\/"},"modified":"2015-04-08T05:00:00","modified_gmt":"2015-04-08T05:00:00","slug":"hospitalizan-a-b-b-king","status":"publish","type":"post","link":"https:\/\/plazajuarez.mx\/historico\/hospitalizan-a-b-b-king\/","title":{"rendered":"Hospitalizan a B.B. King"},"content":{"rendered":"<p>El m\u00fasico de blues B.B. King fue hospitalizado, aunque se encuentra &#8220;mucho mejor&#8221;, indic\u00f3 su hija.<\/p>\n<p>  <!--more-->  <\/p>\n<p>\u00a0<\/p>\n<p>El artista de 89 a\u00f1os acudi\u00f3 al hospital por una deshidrataci\u00f3n causada por la diabetes de tipo 2.<\/p>\n<p>A King se le diagnostic\u00f3 la enfermedad hace m\u00e1s de 20 a\u00f1os. El pasado octubre cancel\u00f3 una gira de conciertos por deshidrataci\u00f3n y agotamiento.<\/p>\n<p>El m\u00fasico, miembro del Sal\u00f3n de la Fama del Rock and Roll, ha lanzado m\u00e1s de 50 \u00e1lbumes.<\/p>\n<p>Sus representantes no respondieron de inmediato llamadas de la AP en busca de comentarios.<\/p>\n","protected":false},"excerpt":{"rendered":"<p>El m\u00fasico de blues B.B. King fue hospitalizado, aunque se encuentra &#8220;mucho mejor&#8221;, indic\u00f3 su hija.<\/p>\n","protected":false},"author":93,"featured_media":0,"comment_status":"open","ping_status":"open","sticky":false,"template":"","format":"standard","meta":{"footnotes":""},"categories":[38],"tags":[],"class_list":["post-3435","post","type-post","status-publish","format-standard","hentry","category-show"],"_links":{"self":[{"href":"https:\/\/plazajuarez.mx\/historico\/wp-json\/wp\/v2\/posts\/3435","targetHints":{"allow":["GET"]}}],"collection":[{"href":"https:\/\/plazajuarez.mx\/historico\/wp-json\/wp\/v2\/posts"}],"about":[{"href":"https:\/\/plazajuarez.mx\/historico\/wp-json\/wp\/v2\/types\/post"}],"author":[{"embeddable":true,"href":"https:\/\/plazajuarez.mx\/historico\/wp-json\/wp\/v2\/users\/93"}],"replies":[{"embeddable":true,"href":"https:\/\/plazajuarez.mx\/historico\/wp-json\/wp\/v2\/comments?post=3435"}],"version-history":[{"count":0,"href":"https:\/\/plazajuarez.mx\/historico\/wp-json\/wp\/v2\/posts\/3435\/revisions"}],"wp:attachment":[{"href":"https:\/\/plazajuarez.mx\/historico\/wp-json\/wp\/v2\/media?parent=3435"}],"wp:term":[{"taxonomy":"category","embeddable":true,"href":"https:\/\/plazajuarez.mx\/historico\/wp-json\/wp\/v2\/categories?post=3435"},{"taxonomy":"post_tag","embeddable":true,"href":"https:\/\/plazajuarez.mx\/historico\/wp-json\/wp\/v2\/tags?post=3435"}],"curies":[{"name":"wp","href":"https:\/\/api.w.org\/{rel}","templated":true}]}}