{"id":3433,"date":"2015-04-08T05:00:00","date_gmt":"2015-04-08T05:00:00","guid":{"rendered":"http:\/\/plazajuarez.mx\/index\/index.php\/2015\/04\/08\/afiliados-al-seguro-popular-suman-57-3-millones-pena-nieto\/"},"modified":"2015-04-08T05:00:00","modified_gmt":"2015-04-08T05:00:00","slug":"afiliados-al-seguro-popular-suman-57-3-millones-pena-nieto","status":"publish","type":"post","link":"https:\/\/plazajuarez.mx\/historico\/afiliados-al-seguro-popular-suman-57-3-millones-pena-nieto\/","title":{"rendered":"Afiliados al Seguro Popular suman  57.3 millones: Pe\u00f1a Nieto"},"content":{"rendered":"<p>M\u00e9xico, DF.- En el D\u00eda Mundial de la Salud el presidente Enrique Pe\u00f1a Nieto inform\u00f3 que el n\u00famero de afiliados al Seguro Popular alcanz\u00f3 en diciembre de 2014, 57.3 millones de personas. Al asegurar que un M\u00e9xico saludable es sin\u00f3nimo de un pa\u00eds productivo y exitoso, entreg\u00f3 11 distinciones al m\u00e9rito por trayectoria acad\u00e9mica y cient\u00edfica, as\u00ed como de servicio en diversas ramas de la salud.<\/p>\n<p>  <!--more-->  <\/p>\n<p>\u00a0<\/p>\n<p>Este a\u00f1o la Organizaci\u00f3n Mundial de la Salud dedica el D\u00eda Mundial de la Salud a la inocuidad con el objetivo de fomentar acciones que eviten enfermedades y muertes a causa del consumo de alimentos y agua con inadecuada preparaci\u00f3n y procesamiento.<\/p>\n<p>En ese contexto Pe\u00f1a Nieto record\u00f3 que bacterias, virus, par\u00e1sitos y sustancias qu\u00edmicas nocivas pueden causar m\u00e1s de 200 enfermedades, algunas de ellas letales, y que los alimentos insalubres provocan alrededor de 2.2 millones de muertes en el mundo<\/p>\n<p>Admiti\u00f3 tambi\u00e9n que en M\u00e9xico las enfermedades intestinales o por ingesti\u00f3n de alimentos y agua contaminada ocupan el quinto lugar de las causas de mortalidad en menores de cinco a\u00f1os.<\/p>\n<p>Refrendo sin embargo el compromiso de su administraci\u00f3n por cumplir los Objetivos del Milenio de la Organizaci\u00f3n de las Naciones Unidas, a trav\u00e9s de reducir a menos del 14 por ciento las muertes infantiles.<\/p>\n<p>Sobre el tema de la inocuidad alimentaria dijo que M\u00e9xico se ha convertido en ejemplo mundial en esa materia. Enumer\u00f3 adem\u00e1s diversas acciones, tanto en materia de afiliaci\u00f3n como de construcci\u00f3n de infraestructura m\u00e9dica, para ilustrar la prioridad que representa el tema de la salud-dijo- para su administraci\u00f3n.<\/p>\n<p>Pe\u00f1a Nieto reconoci\u00f3 entonces que ninguna de las metas trazadas en este rengl\u00f3n podr\u00edan alcanzarse sin el trabajo y entrega de miles de m\u00e9dicos, enfermeras e investigadores que contribuyen a hacer de M\u00e9xico un pa\u00eds m\u00e1s sano y fuerte.<\/p>\n<p>En la ceremonia realizada en la Secretar\u00eda de Salud tambi\u00e9n se realiz\u00f3 la condecoraci\u00f3n del premio al m\u00e9rito acad\u00e9mico y cient\u00edfico en el \u00e1rea m\u00e9dica Doctor Eduardo Liceaga a la doctora Teresita Corona V\u00e1zquez, directora del Instituto Nacional de Neurolog\u00eda y Neurocirug\u00eda.<\/p>\n<p>El D\u00eda Mundial de la Salud se instituy\u00f3 en 1950 para conmemorar la creaci\u00f3n de la Organizaci\u00f3n Mundial de la Salud dos a\u00f1os antes. (Agencias)<\/p>\n","protected":false},"excerpt":{"rendered":"<p>M\u00e9xico, DF.- En el D\u00eda Mundial de la Salud el presidente Enrique Pe\u00f1a Nieto inform\u00f3 que el n\u00famero de afiliados al Seguro Popular alcanz\u00f3 en diciembre de 2014, 57.3 millones de personas. Al asegurar que un M\u00e9xico saludable es sin\u00f3nimo de un pa\u00eds productivo y exitoso, entreg\u00f3 11 distinciones al m\u00e9rito por trayectoria acad\u00e9mica y [&hellip;]<\/p>\n","protected":false},"author":93,"featured_media":0,"comment_status":"open","ping_status":"open","sticky":false,"template":"","format":"standard","meta":{"footnotes":""},"categories":[36],"tags":[],"class_list":["post-3433","post","type-post","status-publish","format-standard","hentry","category-nacion"],"_links":{"self":[{"href":"https:\/\/plazajuarez.mx\/historico\/wp-json\/wp\/v2\/posts\/3433","targetHints":{"allow":["GET"]}}],"collection":[{"href":"https:\/\/plazajuarez.mx\/historico\/wp-json\/wp\/v2\/posts"}],"about":[{"href":"https:\/\/plazajuarez.mx\/historico\/wp-json\/wp\/v2\/types\/post"}],"author":[{"embeddable":true,"href":"https:\/\/plazajuarez.mx\/historico\/wp-json\/wp\/v2\/users\/93"}],"replies":[{"embeddable":true,"href":"https:\/\/plazajuarez.mx\/historico\/wp-json\/wp\/v2\/comments?post=3433"}],"version-history":[{"count":0,"href":"https:\/\/plazajuarez.mx\/historico\/wp-json\/wp\/v2\/posts\/3433\/revisions"}],"wp:attachment":[{"href":"https:\/\/plazajuarez.mx\/historico\/wp-json\/wp\/v2\/media?parent=3433"}],"wp:term":[{"taxonomy":"category","embeddable":true,"href":"https:\/\/plazajuarez.mx\/historico\/wp-json\/wp\/v2\/categories?post=3433"},{"taxonomy":"post_tag","embeddable":true,"href":"https:\/\/plazajuarez.mx\/historico\/wp-json\/wp\/v2\/tags?post=3433"}],"curies":[{"name":"wp","href":"https:\/\/api.w.org\/{rel}","templated":true}]}}