{"id":3396,"date":"2015-04-07T05:00:00","date_gmt":"2015-04-07T05:00:00","guid":{"rendered":"http:\/\/plazajuarez.mx\/index\/index.php\/2015\/04\/07\/retratos-hablados-59\/"},"modified":"2015-04-07T05:00:00","modified_gmt":"2015-04-07T05:00:00","slug":"retratos-hablados-59","status":"publish","type":"post","link":"https:\/\/plazajuarez.mx\/historico\/retratos-hablados-59\/","title":{"rendered":"RETRATOS HABLADOS"},"content":{"rendered":"<p><strong>* Bulbo Radio Experimental de la UAEH<\/strong><\/p>\n<p>  <!--more-->  <\/p>\n<p>\u00a0<\/p>\n<p>Mal hizo quien decidi\u00f3 suspender de manera definitiva el programa \u201cPersonajes de la Comunicaci\u00f3n\u201d que se transmit\u00eda semanalmente a trav\u00e9s de la estaci\u00f3n \u201cBulbo Radio Experimental\u201d, de la Universidad Aut\u00f3noma del Estado de Hidalgo, bajo la conducci\u00f3n del periodista Joel S\u00e1nchez, compa\u00f1ero nuestro en la Maestr\u00eda en Periodismo Pol\u00edtico que imparti\u00f3 la escuela Carlos Septi\u00e9n Garc\u00eda.<\/p>\n<p>\u00a0\u00a0\u00a0\u00a0\u00a0\u00a0\u00a0\u00a0\u00a0\u00a0\u00a0 Mal hizo, porque sin explicaci\u00f3n alguna se cancel\u00f3 un espacio plural, abierto a la inteligencia dentro de la emisora que transmite a trav\u00e9s de Internet y el sistema de altavoces que existen en el Instituto de Ciencias Sociales.<\/p>\n<p>\u00a0\u00a0\u00a0\u00a0\u00a0\u00a0\u00a0\u00a0\u00a0\u00a0\u00a0 Creado por la doctora en Comunicaci\u00f3n Tania Meza, \u201cBulbo Radio Experimental\u201d, se convirti\u00f3 desde su inicio en un lugar al que los alumnos de la carrera, acud\u00edan para proponer y llevar a la realidad sus ideas. La juventud siempre es un elemento vital que permite renovar concepciones a veces huecas del mundo.<\/p>\n<p>\u00a0\u00a0\u00a0\u00a0\u00a0\u00a0\u00a0\u00a0\u00a0\u00a0\u00a0 A la salida de la doctora Meza de la UAEH, producto de su esp\u00edritu libre para hacer valer sus derechos, la estaci\u00f3n logr\u00f3 mantenerse gracias al inter\u00e9s de los estudiantes y maestros que han entregado buena parte de sus energ\u00edas a la instituci\u00f3n universitaria.<\/p>\n<p>\u00a0\u00a0\u00a0\u00a0\u00a0\u00a0\u00a0\u00a0\u00a0\u00a0\u00a0 Hace apenas unas semanas, el maestro Joel S\u00e1nchez decidi\u00f3 impulsar un proyecto denominado \u201cPersonajes de la Comunicaci\u00f3n\u201d, donde pudimos escuchar entrevistas siempre interesantes con los que hacen la talacha diaria del periodismo en Hidalgo.<\/p>\n<p>\u00a0\u00a0\u00a0\u00a0\u00a0\u00a0\u00a0\u00a0\u00a0\u00a0\u00a0 As\u00ed pudimos conocer m\u00e1s de cerca de Manuel Baeza, director editorial del peri\u00f3dico Criterio; Conny Ocadiz de la NQ; Mart\u00edn Hern\u00e1ndez de la agencia News Hidalgo, entre otros.<\/p>\n<p>\u00a0\u00a0\u00a0\u00a0\u00a0\u00a0\u00a0\u00a0\u00a0\u00a0\u00a0 Sin embargo el d\u00eda 2 del presente mes en su face book, Joel inform\u00f3 que la emisi\u00f3n hab\u00eda sido cancelada, \u201cen lo que parece ser una decisi\u00f3n institucional\u201d.<\/p>\n<p>\u00a0\u00a0\u00a0\u00a0\u00a0\u00a0\u00a0\u00a0\u00a0\u00a0\u00a0 No hubo m\u00e1s explicaciones, aunque por supuesto ni falta hac\u00edan.<\/p>\n<p>\u00a0\u00a0\u00a0\u00a0\u00a0\u00a0\u00a0\u00a0\u00a0\u00a0\u00a0 Algo incomod\u00f3 la piel extremadamente sensible de las autoridades universitarias para dar por terminado un espacio que hab\u00eda generado el inter\u00e9s no solo de quienes integran la comunidad de la UAEH, sino m\u00e1s all\u00e1 de sus instalaciones.<\/p>\n<p>\u00a0\u00a0\u00a0\u00a0\u00a0\u00a0\u00a0\u00a0\u00a0\u00a0\u00a0 En una constante que aplica decisiones de manera fulminante sin que nadie sepa el porqu\u00e9 de las mismas, deberemos esperar para otra ocasi\u00f3n la conclusi\u00f3n de un indagar en la historia del periodismo hidalguense a trav\u00e9s de quienes hoy mismo lo hacen.<\/p>\n<p>\u00a0\u00a0\u00a0\u00a0\u00a0\u00a0\u00a0\u00a0\u00a0\u00a0\u00a0 Una l\u00e1stima.<\/p>\n<p>\u00a0\u00a0\u00a0\u00a0\u00a0\u00a0\u00a0\u00a0\u00a0\u00a0\u00a0 Por muchas razones esperemos que otros espacios de la barra program\u00e1tica de la emisora, tambi\u00e9n de gran inter\u00e9s, sean respetados por las autoridades.<\/p>\n<p>\u00a0\u00a0\u00a0\u00a0\u00a0\u00a0\u00a0\u00a0\u00a0\u00a0\u00a0 Los j\u00f3venes que nutren el quehacer acad\u00e9mico de la instituci\u00f3n merecen la oportunidad de opinar, analizar, sin temor a ninguna represalia. Son universitarios y esa actitud de cr\u00edtica y cuestionamiento, es consustancial a su propia identidad.<\/p>\n<p><strong>\u00a0\u00a0\u00a0\u00a0\u00a0\u00a0\u00a0\u00a0\u00a0\u00a0\u00a0 Mil gracias, hasta ma\u00f1ana.<\/strong><\/p>\n<p>\u00a0<\/p>\n<p><a href=\"mailto:peraltajav@gmail.com\">peraltajav@gmail.com<\/a><\/p>\n<p>twitter: @JavierEPeralta<\/p>\n<p>\u00a0\u00a0\u00a0\u00a0\u00a0\u00a0\u00a0\u00a0\u00a0\u00a0\u00a0<\/p>\n","protected":false},"excerpt":{"rendered":"<p>* Bulbo Radio Experimental de la UAEH<\/p>\n","protected":false},"author":93,"featured_media":0,"comment_status":"open","ping_status":"open","sticky":false,"template":"","format":"standard","meta":{"footnotes":""},"categories":[49],"tags":[],"class_list":["post-3396","post","type-post","status-publish","format-standard","hentry","category-javier-peralta"],"_links":{"self":[{"href":"https:\/\/plazajuarez.mx\/historico\/wp-json\/wp\/v2\/posts\/3396","targetHints":{"allow":["GET"]}}],"collection":[{"href":"https:\/\/plazajuarez.mx\/historico\/wp-json\/wp\/v2\/posts"}],"about":[{"href":"https:\/\/plazajuarez.mx\/historico\/wp-json\/wp\/v2\/types\/post"}],"author":[{"embeddable":true,"href":"https:\/\/plazajuarez.mx\/historico\/wp-json\/wp\/v2\/users\/93"}],"replies":[{"embeddable":true,"href":"https:\/\/plazajuarez.mx\/historico\/wp-json\/wp\/v2\/comments?post=3396"}],"version-history":[{"count":0,"href":"https:\/\/plazajuarez.mx\/historico\/wp-json\/wp\/v2\/posts\/3396\/revisions"}],"wp:attachment":[{"href":"https:\/\/plazajuarez.mx\/historico\/wp-json\/wp\/v2\/media?parent=3396"}],"wp:term":[{"taxonomy":"category","embeddable":true,"href":"https:\/\/plazajuarez.mx\/historico\/wp-json\/wp\/v2\/categories?post=3396"},{"taxonomy":"post_tag","embeddable":true,"href":"https:\/\/plazajuarez.mx\/historico\/wp-json\/wp\/v2\/tags?post=3396"}],"curies":[{"name":"wp","href":"https:\/\/api.w.org\/{rel}","templated":true}]}}