{"id":33931,"date":"2016-12-24T16:34:45","date_gmt":"2016-12-24T16:34:45","guid":{"rendered":"http:\/\/plazajuarez.mx\/index\/index.php\/2016\/12\/24\/coduc-la-sagarpa-ha-quedado-a-deber\/"},"modified":"2016-12-24T16:34:45","modified_gmt":"2016-12-24T16:34:45","slug":"coduc-la-sagarpa-ha-quedado-a-deber","status":"publish","type":"post","link":"https:\/\/plazajuarez.mx\/historico\/coduc-la-sagarpa-ha-quedado-a-deber\/","title":{"rendered":"CODUC: \u201cLa Sagarpa ha quedado a deber\u201d"},"content":{"rendered":"<p>Existe incertidumbre ante el fin de a\u00f1o y la falta de cumplimiento de la dependencia federal, asegur\u00f3 Marco Antonio Rico Mercado<\/p>\n<p>  <!--more-->  <\/p>\n<p>El dirigente estatal de la Coalici\u00f3n de Organizaciones Democr\u00e1ticas Urbanas y Campesinas<br \/>(CODUC), Marco Antonio Rico Mercado, se\u00f1al\u00f3 que de acuerdo al balance realizado referente a la gesti\u00f3n en 2016, se tuvo gran avance con todas las dependencias en las que se buscaron apoyos y proyectos productivos.<\/p>\n<p>Por lo anterior se\u00f1al\u00f3 que derivado de los recortes presupuestales, existe gran incertidumbre con los campesinos y sector de la poblaci\u00f3n, sin embargo adelant\u00f3 que no deber\u00eda ser pretexto el tema de los recortes, ya que aunque hay recurso, este no est\u00e1 bien distribuido entre los productores que en verdad lo necesitan.<\/p>\n<p>\u201cExiste el temor en que dependencias como la Sagarpa (Secretar\u00eda de Agricultura, Ganader\u00eda, Desarrollo Rural, Pesca y Alimentaci\u00f3n) dejen abandonados algunos apoyos que han sido gestionados pero que no hasta ahora no hemos tenido respuestas, por eso habremos de continuar las movilizaciones, ya que las necesidades de los campesinos son apremiantes para la CODUC\u201d, dijo.<\/p>\n<p>De igual forma sostuvo que es necesario y que seguir\u00e1n insistiendo, en que el gobierno cambie la pol\u00edtica y la visi\u00f3n en el agro, un gobierno que voltee a los peque\u00f1os productores que no pueden acceder a proyectos ni apoyos por qu\u00e9 no cuentan con grandes extensiones de tierra y quedan con programas asistenciales en lugar de ser impulsados para que sean autosustentables.<\/p>\n<p>\u201cEn materia de pendientes siempre habr\u00e1, no hay recurso que alcance, sabemos la situaci\u00f3n, pero tambi\u00e9n tenemos en cuenta que se contin\u00faa con una pol\u00edtica asistencialista que no involucra a los actores del sector marginado a las cadenas productivas, y en tanto el gobierno no cambie esas condiciones el agro no avanzar\u00e1\u201d, asever\u00f3 Rico Mercado.<\/p>\n<p>Finalmente se\u00f1al\u00f3 que de la demanda planteada por al CODUC, se tiene un avance de alrededor del 70 por ciento, por lo que se\u00f1al\u00f3 que exigir\u00e1n el cumplimiento de esta, y reiter\u00f3 que es en Sagarpa donde se tiene el principal estancamiento de respuesta, sin embargo dijo estar confiado en que ser\u00e1, a m\u00e1s tardar, la primer semana de enero cuando hayan tenido respuesta por parte de la delegaci\u00f3n en Hidalgo.<\/p>\n","protected":false},"excerpt":{"rendered":"<p>Existe incertidumbre ante el fin de a\u00f1o y la falta de cumplimiento de la dependencia federal, asegur\u00f3 Marco Antonio Rico Mercado<\/p>\n","protected":false},"author":93,"featured_media":0,"comment_status":"open","ping_status":"open","sticky":false,"template":"","format":"standard","meta":{"footnotes":""},"categories":[59],"tags":[],"class_list":["post-33931","post","type-post","status-publish","format-standard","hentry","category-general"],"_links":{"self":[{"href":"https:\/\/plazajuarez.mx\/historico\/wp-json\/wp\/v2\/posts\/33931","targetHints":{"allow":["GET"]}}],"collection":[{"href":"https:\/\/plazajuarez.mx\/historico\/wp-json\/wp\/v2\/posts"}],"about":[{"href":"https:\/\/plazajuarez.mx\/historico\/wp-json\/wp\/v2\/types\/post"}],"author":[{"embeddable":true,"href":"https:\/\/plazajuarez.mx\/historico\/wp-json\/wp\/v2\/users\/93"}],"replies":[{"embeddable":true,"href":"https:\/\/plazajuarez.mx\/historico\/wp-json\/wp\/v2\/comments?post=33931"}],"version-history":[{"count":0,"href":"https:\/\/plazajuarez.mx\/historico\/wp-json\/wp\/v2\/posts\/33931\/revisions"}],"wp:attachment":[{"href":"https:\/\/plazajuarez.mx\/historico\/wp-json\/wp\/v2\/media?parent=33931"}],"wp:term":[{"taxonomy":"category","embeddable":true,"href":"https:\/\/plazajuarez.mx\/historico\/wp-json\/wp\/v2\/categories?post=33931"},{"taxonomy":"post_tag","embeddable":true,"href":"https:\/\/plazajuarez.mx\/historico\/wp-json\/wp\/v2\/tags?post=33931"}],"curies":[{"name":"wp","href":"https:\/\/api.w.org\/{rel}","templated":true}]}}