{"id":3393,"date":"2015-04-07T05:00:00","date_gmt":"2015-04-07T05:00:00","guid":{"rendered":"http:\/\/plazajuarez.mx\/index\/index.php\/2015\/04\/07\/dese-por-enterado-22\/"},"modified":"2020-04-14T19:10:33","modified_gmt":"2020-04-14T19:10:33","slug":"dese-por-enterado-22","status":"publish","type":"post","link":"https:\/\/plazajuarez.mx\/historico\/dese-por-enterado-22\/","title":{"rendered":"DESE por ENTERADO"},"content":{"rendered":"<p><strong>Antonio Mota, buen gesto pero\u2026<\/strong><\/p>\n<p>\u00a0<\/p>\n<p>El candidato independiente a diputado federal, Antonio Mota, anunci\u00f3 que devolver\u00e1 parte de las prerrogativas que le habr\u00e1 de entregar el Instituto Nacional Electoral para su campa\u00f1a de proselitismo. Buen gesto, pero deja muchas dudas. Algunos se preguntan si de plano anda muy confiado, o bien su estratega de todos conocido, ha dispuesto un esquema de financiamiento como los que s\u00f3lo \u00e9l sabe armar, y que luego de triangular por todos lados el dinero nunca se sabe de d\u00f3nde lleg\u00f3 ni a d\u00f3nde fue a parar. La sombra de Don Garza en toda su expresi\u00f3n empieza a causarle problemas a un hombre inteligente sin duda alguna, pero que sabe muy bien en la que se meti\u00f3.<\/p>\n<p>  <!--more-->  <\/p>\n<p>\u00a0<\/p>\n<p>\u00a0<\/p>\n<p>\u00a0\u00a0\u00a0\u00a0\u00a0\u00a0\u00a0\u00a0\u00a0\u00a0\u00a0\u00a0\u00a0\u00a0\u00a0\u00a0\u00a0\u00a0\u00a0\u00a0\u00a0\u00a0\u00a0\u00a0\u00a0\u00a0\u00a0\u00a0\u00a0\u00a0\u00a0\u00a0\u00a0\u00a0\u00a0\u00a0\u00a0\u00a0\u00a0\u00a0\u00a0\u00a0\u00a0\u00a0\u00a0\u00a0\u00a0\u00a0\u00a0\u00a0\u00a0\u00a0\u00a0\u00a0\u00a0\u00a0\u00a0\u00a0 ***<\/p>\n<p>\u00a0<\/p>\n<p><strong>Campa\u00f1as, todo est\u00e1 inventado<\/strong><\/p>\n<p>\u00a0<\/p>\n<p>De plano ya no hay ni para d\u00f3nde. Porque andar en bicicleta ya no es ninguna novedad; utilizar un cuadrote con marco para poner la cara con seguidores y tomarse la foto, tambi\u00e9n; hacerse pasar por alma de Dios y de la ciudadan\u00eda, lo mismo; luego entonces, \u00bfqu\u00e9 se puede inventar para llamar la atenci\u00f3n de una ciudadan\u00eda fastidiada de campa\u00f1as? Algunos no duermen para tratar de encontrar la receta secreta, aquello que de pronto los presente como los de avanzada. \u00bfY si salen encuerados? \u00bfy si se visten de futbolistas? \u00bfy si se hacen pasar por extraterrestres? Algo, algo que saque del tedio este proceso que apenas empieza.<\/p>\n<p>\u00a0<\/p>\n<p>\u00a0\u00a0\u00a0\u00a0\u00a0\u00a0\u00a0\u00a0\u00a0\u00a0\u00a0\u00a0\u00a0\u00a0\u00a0\u00a0\u00a0\u00a0\u00a0\u00a0\u00a0\u00a0\u00a0\u00a0\u00a0\u00a0\u00a0\u00a0\u00a0\u00a0\u00a0\u00a0\u00a0\u00a0\u00a0\u00a0\u00a0\u00a0\u00a0\u00a0\u00a0\u00a0\u00a0\u00a0\u00a0\u00a0\u00a0\u00a0\u00a0\u00a0\u00a0\u00a0\u00a0\u00a0\u00a0\u00a0\u00a0\u00a0 ***<\/p>\n<p>\u00a0<\/p>\n<p><strong>\u00a1Eres \u00fanico Aparicio!<\/strong><\/p>\n<p>\u00a0<\/p>\n<p>Con la justificaci\u00f3n de que es candidato por en\u00e9sima ocasi\u00f3n, esta vez a diputado federal, porque a los otros les faltaba experiencia, Arturo Aparicio de plano ya no escondi\u00f3 el cinismo y decidi\u00f3, porque \u00e9l se lo pidi\u00f3, que el PT lo necesita como nunca. El eterno candidato a cuanto cargo de elecci\u00f3n se le pone a la mano, ya anda en campa\u00f1a y de plano es dif\u00edcil saber lo que pudiera ofrecer de nuevo. El asunto es que prob\u00f3 el hueso y para que lo deje va a estar dif\u00edcil. Adem\u00e1s que el PT es \u00e9l y su amigo L\u00b4estrade. De aqu\u00ed hasta el infinito y m\u00e1s all\u00e1.<\/p>\n<p>\u00a0<\/p>\n<p>\u00a0\u00a0\u00a0\u00a0\u00a0\u00a0\u00a0\u00a0\u00a0\u00a0\u00a0\u00a0\u00a0\u00a0\u00a0\u00a0\u00a0\u00a0\u00a0\u00a0\u00a0\u00a0\u00a0\u00a0\u00a0\u00a0\u00a0\u00a0\u00a0\u00a0\u00a0\u00a0\u00a0\u00a0\u00a0\u00a0\u00a0\u00a0\u00a0\u00a0\u00a0\u00a0\u00a0\u00a0\u00a0\u00a0\u00a0\u00a0\u00a0\u00a0\u00a0\u00a0\u00a0\u00a0\u00a0\u00a0\u00a0\u00a0 ***<\/p>\n<p>\u00a0<\/p>\n<p><strong>Y la guerra sucia ya empez\u00f3<\/strong><\/p>\n<p>\u00a0<\/p>\n<p>Con todo y que la maestra en este arte no participa como candidata, y nos referimos a X\u00f3chitl G\u00e1lvez, la guerra sucia ya empez\u00f3 en el actual proceso electoral para elegir diputados federales. Las redes sociales y blogs an\u00f3nimos proliferan, y quien sea que est\u00e9 atr\u00e1s de esta guerra sucia sabe lo que hace. Por supuesto se trata de una acci\u00f3n deleznable y miserable, pero poco le importa a quienes la pusieron en marcha. Es la miseria de la pol\u00edtica, pero pareciera que en alg\u00fan momento les ha rendido buenos frutos, raz\u00f3n por la cual han considerado que es el camino bueno. All\u00e1 ellos y quienes les presten atenci\u00f3n.<\/p>\n<p>\u00a0<\/p>\n<p>\u00a0\u00a0\u00a0\u00a0\u00a0\u00a0\u00a0\u00a0\u00a0\u00a0\u00a0\u00a0\u00a0\u00a0\u00a0\u00a0\u00a0\u00a0\u00a0\u00a0\u00a0\u00a0\u00a0\u00a0\u00a0\u00a0\u00a0\u00a0\u00a0\u00a0\u00a0\u00a0\u00a0\u00a0\u00a0\u00a0\u00a0\u00a0\u00a0\u00a0\u00a0\u00a0\u00a0\u00a0\u00a0\u00a0\u00a0\u00a0\u00a0\u00a0\u00a0\u00a0\u00a0\u00a0\u00a0\u00a0\u00a0\u00a0 ***<\/p>\n<p>\u00a0<\/p>\n<p><strong>Dudas y comentarios:<\/strong><\/p>\n<p><a href=\"mailto:cultoycaballeroso@gmail.com\">cultoycaballeroso@gmail.com<\/a><\/p>\n<p>twitter: @xenterado<\/p>\n","protected":false},"excerpt":{"rendered":"<p>Antonio Mota, buen gesto pero\u2026 \u00a0 El candidato independiente a diputado federal, Antonio Mota, anunci\u00f3 que devolver\u00e1 parte de las prerrogativas que le habr\u00e1 de entregar el Instituto Nacional Electoral para su campa\u00f1a de proselitismo. Buen gesto, pero deja muchas dudas. Algunos se preguntan si de plano anda muy confiado, o bien su estratega de [&hellip;]<\/p>\n","protected":false},"author":93,"featured_media":0,"comment_status":"open","ping_status":"open","sticky":false,"template":"","format":"standard","meta":{"footnotes":""},"categories":[83,42],"tags":[],"class_list":["post-3393","post","type-post","status-publish","format-standard","hentry","category-dese-por-enterado","category-nuestrapalabra"],"_links":{"self":[{"href":"https:\/\/plazajuarez.mx\/historico\/wp-json\/wp\/v2\/posts\/3393","targetHints":{"allow":["GET"]}}],"collection":[{"href":"https:\/\/plazajuarez.mx\/historico\/wp-json\/wp\/v2\/posts"}],"about":[{"href":"https:\/\/plazajuarez.mx\/historico\/wp-json\/wp\/v2\/types\/post"}],"author":[{"embeddable":true,"href":"https:\/\/plazajuarez.mx\/historico\/wp-json\/wp\/v2\/users\/93"}],"replies":[{"embeddable":true,"href":"https:\/\/plazajuarez.mx\/historico\/wp-json\/wp\/v2\/comments?post=3393"}],"version-history":[{"count":0,"href":"https:\/\/plazajuarez.mx\/historico\/wp-json\/wp\/v2\/posts\/3393\/revisions"}],"wp:attachment":[{"href":"https:\/\/plazajuarez.mx\/historico\/wp-json\/wp\/v2\/media?parent=3393"}],"wp:term":[{"taxonomy":"category","embeddable":true,"href":"https:\/\/plazajuarez.mx\/historico\/wp-json\/wp\/v2\/categories?post=3393"},{"taxonomy":"post_tag","embeddable":true,"href":"https:\/\/plazajuarez.mx\/historico\/wp-json\/wp\/v2\/tags?post=3393"}],"curies":[{"name":"wp","href":"https:\/\/api.w.org\/{rel}","templated":true}]}}