{"id":33928,"date":"2016-12-24T16:33:14","date_gmt":"2016-12-24T16:33:14","guid":{"rendered":"http:\/\/plazajuarez.mx\/index\/index.php\/2016\/12\/24\/bajo-reserva-expres-26\/"},"modified":"2016-12-24T16:33:14","modified_gmt":"2016-12-24T16:33:14","slug":"bajo-reserva-expres-26","status":"publish","type":"post","link":"https:\/\/plazajuarez.mx\/historico\/bajo-reserva-expres-26\/","title":{"rendered":"Bajo Reserva Expr\u00e9s"},"content":{"rendered":"<p>\u00bfEn el aire la estrategia para mejorar calidad del aire?<\/p>\n<p>  <!--more-->  <\/p>\n<p>En el aire qued\u00f3 la presentaci\u00f3n de la Estrategia Nacional para Mejorar la Calidad del Aire, cuya elaboraci\u00f3n se origin\u00f3 tras los altos niveles de contaminaci\u00f3n que derivaron en diez contingencias ambientales que se registraron durante este a\u00f1o.<br \/>En julio, el secretario de Medio Ambiente y Recursos Naturales, Rafael Pacchiano, anunci\u00f3 que dicha estrategia se presentar\u00eda antes de que terminara el 2016. A este a\u00f1o le quedan dos semanas y todav\u00eda no hay fecha para su presentaci\u00f3n.<br \/>La estrategia, nos comentan, podr\u00eda ser anunciada los primeros d\u00edas de enero.<br \/>Aseguran que se encuentra bastante avanzada pero que a\u00fan se est\u00e1n revisando los Inventarios de Emisiones para que con base en ellos se consideren a todos los sectores contaminantes. \u00bfSer\u00e1 eso o que les lleg\u00f3 la Navidad?<\/p>\n","protected":false},"excerpt":{"rendered":"<p>\u00bfEn el aire la estrategia para mejorar calidad del aire?<\/p>\n","protected":false},"author":93,"featured_media":0,"comment_status":"open","ping_status":"open","sticky":false,"template":"","format":"standard","meta":{"footnotes":""},"categories":[42],"tags":[],"class_list":["post-33928","post","type-post","status-publish","format-standard","hentry","category-nuestrapalabra"],"_links":{"self":[{"href":"https:\/\/plazajuarez.mx\/historico\/wp-json\/wp\/v2\/posts\/33928","targetHints":{"allow":["GET"]}}],"collection":[{"href":"https:\/\/plazajuarez.mx\/historico\/wp-json\/wp\/v2\/posts"}],"about":[{"href":"https:\/\/plazajuarez.mx\/historico\/wp-json\/wp\/v2\/types\/post"}],"author":[{"embeddable":true,"href":"https:\/\/plazajuarez.mx\/historico\/wp-json\/wp\/v2\/users\/93"}],"replies":[{"embeddable":true,"href":"https:\/\/plazajuarez.mx\/historico\/wp-json\/wp\/v2\/comments?post=33928"}],"version-history":[{"count":0,"href":"https:\/\/plazajuarez.mx\/historico\/wp-json\/wp\/v2\/posts\/33928\/revisions"}],"wp:attachment":[{"href":"https:\/\/plazajuarez.mx\/historico\/wp-json\/wp\/v2\/media?parent=33928"}],"wp:term":[{"taxonomy":"category","embeddable":true,"href":"https:\/\/plazajuarez.mx\/historico\/wp-json\/wp\/v2\/categories?post=33928"},{"taxonomy":"post_tag","embeddable":true,"href":"https:\/\/plazajuarez.mx\/historico\/wp-json\/wp\/v2\/tags?post=33928"}],"curies":[{"name":"wp","href":"https:\/\/api.w.org\/{rel}","templated":true}]}}