{"id":3392,"date":"2015-04-07T05:00:00","date_gmt":"2015-04-07T05:00:00","guid":{"rendered":"http:\/\/plazajuarez.mx\/index\/index.php\/2015\/04\/07\/el-helicoptergate-del-prd\/"},"modified":"2015-04-07T05:00:00","modified_gmt":"2015-04-07T05:00:00","slug":"el-helicoptergate-del-prd","status":"publish","type":"post","link":"https:\/\/plazajuarez.mx\/historico\/el-helicoptergate-del-prd\/","title":{"rendered":"El &#8220;helicoptergate&#8221; del PRD\u00a0"},"content":{"rendered":"<p>BAJO RESERVA EXPR\u00c9S<\/p>\n<p>Las horas pasan y el PRD nada m\u00e1s no atina a decir cu\u00e1nto pag\u00f3, si es que pag\u00f3, por el uso de 5 helic\u00f3pteros para que miembros de ese partido, y de la izquierda, asistieran al acto inicial de campa\u00f1a del candidato perredista al gobierno de Michoac\u00e1n, Silvano Aureoles. Un &#8220;helicoptergate&#8221; est\u00e1 en ciernes y el partido no explica ni presenta pruebas.\u00a0<\/p>\n<p>  <!--more-->  <\/p>\n<p>\u00a0<\/p>\n<p>Esta ma\u00f1ana el presidente nacional del partido, Carlos Navarrete, dijo que el PRD de Michoac\u00e1n pag\u00f3 para que el helic\u00f3ptero Eurocopter XA-VRG lo llevara de Toluca a Zit\u00e1cuaro. Don Carlos dijo que pronto se dir\u00eda cuanto se pag\u00f3 por ese viaje. Hasta ahora, ni \u00e9l, ni el dirigente del PRD en Michoac\u00e1n, Carlos Torres, han dicho el costo.\u00a0<\/p>\n<p>El caso es que el PRD tendr\u00eda que informar mucho m\u00e1s que el simple costo de un traslado Toluca-Zit\u00e1cuaro. Hay varias preguntas:\u00a0<\/p>\n<p>En ese mismo Eurocopter XA-VRG lleg\u00f3 a Zit\u00e1cuaro el gobernador de Guerrero, Rogelio Ortega. \u00bfA \u00e9l lo trajo tambi\u00e9n de Toluca, o desde Guerrero? \u00bfCu\u00e1nto cost\u00f3 ese viaje?\u00a0<\/p>\n<p>El Eurocopter XA-VRG es propiedad de la empresa Servicios A\u00e9reos La Vi\u00f1a, firma basada en Morelia Michoac\u00e1n \u00bfEst\u00e1 compa\u00f1\u00eda est\u00e1 cobrando o prestando el helic\u00f3ptero al PRD local?\u00a0<\/p>\n<p>El gobernador de Morelos, Graco Ram\u00edrez, lleg\u00f3 a Zit\u00e1cuaro en un Bell 407 matr\u00edcula XA-KMA \u00bfCu\u00e1nto cost\u00f3 su renta?\u00a0<\/p>\n<p>Adem\u00e1s miembros del partido tambi\u00e9n aterrizaron en otros tres helic\u00f3pteros en Zit\u00e1cuaro un Agusta, un Bell 206 y otro m\u00e1s \u00bfEsas aeronaves tambi\u00e9n fueron pagadas por el PRD? \u00bfLas pagaron quienes viajaron en ellas? \u00bfLas prest\u00f3 alg\u00fan amigo?\u00a0<br \/> Muchas, preguntas, pocas respuestas y un &#8220;helicoptergate&#8221; del PRD en ciernes.\u00a0<\/p>\n","protected":false},"excerpt":{"rendered":"<p>BAJO RESERVA EXPR\u00c9S Las horas pasan y el PRD nada m\u00e1s no atina a decir cu\u00e1nto pag\u00f3, si es que pag\u00f3, por el uso de 5 helic\u00f3pteros para que miembros de ese partido, y de la izquierda, asistieran al acto inicial de campa\u00f1a del candidato perredista al gobierno de Michoac\u00e1n, Silvano Aureoles. Un &#8220;helicoptergate&#8221; est\u00e1 [&hellip;]<\/p>\n","protected":false},"author":93,"featured_media":0,"comment_status":"open","ping_status":"open","sticky":false,"template":"","format":"standard","meta":{"footnotes":""},"categories":[42],"tags":[],"class_list":["post-3392","post","type-post","status-publish","format-standard","hentry","category-nuestrapalabra"],"_links":{"self":[{"href":"https:\/\/plazajuarez.mx\/historico\/wp-json\/wp\/v2\/posts\/3392","targetHints":{"allow":["GET"]}}],"collection":[{"href":"https:\/\/plazajuarez.mx\/historico\/wp-json\/wp\/v2\/posts"}],"about":[{"href":"https:\/\/plazajuarez.mx\/historico\/wp-json\/wp\/v2\/types\/post"}],"author":[{"embeddable":true,"href":"https:\/\/plazajuarez.mx\/historico\/wp-json\/wp\/v2\/users\/93"}],"replies":[{"embeddable":true,"href":"https:\/\/plazajuarez.mx\/historico\/wp-json\/wp\/v2\/comments?post=3392"}],"version-history":[{"count":0,"href":"https:\/\/plazajuarez.mx\/historico\/wp-json\/wp\/v2\/posts\/3392\/revisions"}],"wp:attachment":[{"href":"https:\/\/plazajuarez.mx\/historico\/wp-json\/wp\/v2\/media?parent=3392"}],"wp:term":[{"taxonomy":"category","embeddable":true,"href":"https:\/\/plazajuarez.mx\/historico\/wp-json\/wp\/v2\/categories?post=3392"},{"taxonomy":"post_tag","embeddable":true,"href":"https:\/\/plazajuarez.mx\/historico\/wp-json\/wp\/v2\/tags?post=3392"}],"curies":[{"name":"wp","href":"https:\/\/api.w.org\/{rel}","templated":true}]}}