{"id":3390,"date":"2015-04-07T05:00:00","date_gmt":"2015-04-07T05:00:00","guid":{"rendered":"http:\/\/plazajuarez.mx\/index\/index.php\/2015\/04\/07\/alondra-de-la-parra-regresa-al-auditorio\/"},"modified":"2015-04-07T05:00:00","modified_gmt":"2015-04-07T05:00:00","slug":"alondra-de-la-parra-regresa-al-auditorio","status":"publish","type":"post","link":"https:\/\/plazajuarez.mx\/historico\/alondra-de-la-parra-regresa-al-auditorio\/","title":{"rendered":"Alondra de la Parra regresa al Auditorio"},"content":{"rendered":"<p>La destacada directora mexicana, Alondra de la Parra estar\u00e1 al frente de la Orquesta Internacional de las Artes en \u201cCarmina Burana\u201d, producci\u00f3n monumental que se presentar\u00e1 el 7 de octubre en el Auditorio Nacional.<\/p>\n<p>  <!--more-->  <\/p>\n<p>\u00a0<\/p>\n<p>El espect\u00e1culo, en el que aparecen 250 artistas en escena, contar\u00e1 con la participaci\u00f3n del primer bailar\u00edn Rasta Thomas, as\u00ed como de la soprano Anabel de la Mora, el tenor V\u00edctor Hern\u00e1ndez y el bar\u00edtono Josu\u00e9 Cer\u00f3n.<\/p>\n<p>De acuerdo con los organizadores, en la presentaci\u00f3n De la Parra guiar\u00e1 a la Orquesta Internacional de las Artes y un coro, conformado por 80 voces sumar\u00e1 su talento.<\/p>\n","protected":false},"excerpt":{"rendered":"<p>La destacada directora mexicana, Alondra de la Parra estar\u00e1 al frente de la Orquesta Internacional de las Artes en \u201cCarmina Burana\u201d, producci\u00f3n monumental que se presentar\u00e1 el 7 de octubre en el Auditorio Nacional.<\/p>\n","protected":false},"author":93,"featured_media":0,"comment_status":"open","ping_status":"open","sticky":false,"template":"","format":"standard","meta":{"footnotes":""},"categories":[41],"tags":[],"class_list":["post-3390","post","type-post","status-publish","format-standard","hentry","category-arteria-cultural"],"_links":{"self":[{"href":"https:\/\/plazajuarez.mx\/historico\/wp-json\/wp\/v2\/posts\/3390","targetHints":{"allow":["GET"]}}],"collection":[{"href":"https:\/\/plazajuarez.mx\/historico\/wp-json\/wp\/v2\/posts"}],"about":[{"href":"https:\/\/plazajuarez.mx\/historico\/wp-json\/wp\/v2\/types\/post"}],"author":[{"embeddable":true,"href":"https:\/\/plazajuarez.mx\/historico\/wp-json\/wp\/v2\/users\/93"}],"replies":[{"embeddable":true,"href":"https:\/\/plazajuarez.mx\/historico\/wp-json\/wp\/v2\/comments?post=3390"}],"version-history":[{"count":0,"href":"https:\/\/plazajuarez.mx\/historico\/wp-json\/wp\/v2\/posts\/3390\/revisions"}],"wp:attachment":[{"href":"https:\/\/plazajuarez.mx\/historico\/wp-json\/wp\/v2\/media?parent=3390"}],"wp:term":[{"taxonomy":"category","embeddable":true,"href":"https:\/\/plazajuarez.mx\/historico\/wp-json\/wp\/v2\/categories?post=3390"},{"taxonomy":"post_tag","embeddable":true,"href":"https:\/\/plazajuarez.mx\/historico\/wp-json\/wp\/v2\/tags?post=3390"}],"curies":[{"name":"wp","href":"https:\/\/api.w.org\/{rel}","templated":true}]}}