{"id":3389,"date":"2015-04-07T05:00:00","date_gmt":"2015-04-07T05:00:00","guid":{"rendered":"http:\/\/plazajuarez.mx\/index\/index.php\/2015\/04\/07\/recuperan-textos-olvidados-de-saint-exupery\/"},"modified":"2015-04-07T05:00:00","modified_gmt":"2015-04-07T05:00:00","slug":"recuperan-textos-olvidados-de-saint-exupery","status":"publish","type":"post","link":"https:\/\/plazajuarez.mx\/historico\/recuperan-textos-olvidados-de-saint-exupery\/","title":{"rendered":"Recuperan textos olvidados de Saint-Exup\u00e9ry"},"content":{"rendered":"<p>&#8220;Saint-Exup\u00e9ry fue uno de los \u00faltimos grandes humanistas. Dec\u00eda que hab\u00eda que dar un sentido a la vida y le espantaba el tiempo que se avecinaba, en el que ve\u00eda al hombre reducido al uso que se hac\u00eda de \u00e9l, a ser parte de un \u2018hormiguero&#8217;.<\/p>\n<p>  <!--more-->  <\/p>\n<p>\u00a0<\/p>\n<p>Fue un visionario que no solo nos dej\u00f3 un pensamiento propio sobre el hombre, sino que tambi\u00e9n anticip\u00f3 nuestra \u00e9poca. De ah\u00ed su vigencia y la necesidad de recuperarlo m\u00e1s all\u00e1 de \u2018El Principito&#8217; que, sin duda, es una gran obra, pero no la \u00fanica de este autor&#8221;.<\/p>\n<p>Estas fueron las palabras de Montse Morata Santos, doctora en periodismo de la Universidad Complutense de Madrid, quien encontr\u00f3 textos sin recopilar del autor franc\u00e9s Antoine de Saint-Exup\u00e9ry.<\/p>\n<p>Morata hizo su tesis sobre el autor de \u2018El aviador&#8217;, y en sus b\u00fasquedas por informaci\u00f3n, termin\u00f3 de manera fortuita con el descubrimiento. Ella buscaba reunir por primera vez todos los trabajos que Saint-Exup\u00e9ry realiz\u00f3 para la prensa francesa.<\/p>\n<p>Despu\u00e9s de meses buceando en la Biblioth\u00e8que Nationale de France, se top\u00f3 con un art\u00edculo de Saint-Exup\u00e9ry cuya existencia desconoc\u00eda y confirm\u00f3 que no estaba recogido en ninguna parte.<\/p>\n<p>El autor franc\u00e9s public\u00f3 entre 1934 y 1938 tanto cr\u00f3nicas como reportajes en las principales revistas francesas o vespertinos como el Paris-Soir o L&#8217;Intransigeant. Lo llamativo de estos textos no es solo que hayan permanecido olvidados durante casi 80 a\u00f1os, sino tambi\u00e9n su propio contenido, ya que en algunos de ellos -dice Morata-, el autor aborda cuestiones que no est\u00e1n presentes en el resto de su trabajo literario.<\/p>\n<p>Destacan las reflexiones que realiza sobre el hombre de ciudad, que se ahoga en su propio progreso, o sobre la nueva idea del viaje que empezaba a forjarse con la llegada de la aviaci\u00f3n comercial, anticipando el turismo de masas de nuestros d\u00edas.<\/p>\n","protected":false},"excerpt":{"rendered":"<p>&#8220;Saint-Exup\u00e9ry fue uno de los \u00faltimos grandes humanistas. Dec\u00eda que hab\u00eda que dar un sentido a la vida y le espantaba el tiempo que se avecinaba, en el que ve\u00eda al hombre reducido al uso que se hac\u00eda de \u00e9l, a ser parte de un \u2018hormiguero&#8217;.<\/p>\n","protected":false},"author":93,"featured_media":0,"comment_status":"open","ping_status":"open","sticky":false,"template":"","format":"standard","meta":{"footnotes":""},"categories":[41],"tags":[],"class_list":["post-3389","post","type-post","status-publish","format-standard","hentry","category-arteria-cultural"],"_links":{"self":[{"href":"https:\/\/plazajuarez.mx\/historico\/wp-json\/wp\/v2\/posts\/3389","targetHints":{"allow":["GET"]}}],"collection":[{"href":"https:\/\/plazajuarez.mx\/historico\/wp-json\/wp\/v2\/posts"}],"about":[{"href":"https:\/\/plazajuarez.mx\/historico\/wp-json\/wp\/v2\/types\/post"}],"author":[{"embeddable":true,"href":"https:\/\/plazajuarez.mx\/historico\/wp-json\/wp\/v2\/users\/93"}],"replies":[{"embeddable":true,"href":"https:\/\/plazajuarez.mx\/historico\/wp-json\/wp\/v2\/comments?post=3389"}],"version-history":[{"count":0,"href":"https:\/\/plazajuarez.mx\/historico\/wp-json\/wp\/v2\/posts\/3389\/revisions"}],"wp:attachment":[{"href":"https:\/\/plazajuarez.mx\/historico\/wp-json\/wp\/v2\/media?parent=3389"}],"wp:term":[{"taxonomy":"category","embeddable":true,"href":"https:\/\/plazajuarez.mx\/historico\/wp-json\/wp\/v2\/categories?post=3389"},{"taxonomy":"post_tag","embeddable":true,"href":"https:\/\/plazajuarez.mx\/historico\/wp-json\/wp\/v2\/tags?post=3389"}],"curies":[{"name":"wp","href":"https:\/\/api.w.org\/{rel}","templated":true}]}}