{"id":33889,"date":"2016-12-23T16:09:10","date_gmt":"2016-12-23T16:09:10","guid":{"rendered":"http:\/\/plazajuarez.mx\/index\/index.php\/2016\/12\/23\/incremento-salarial-a-policias-de-un-ocho-por-ciento\/"},"modified":"2016-12-23T16:09:10","modified_gmt":"2016-12-23T16:09:10","slug":"incremento-salarial-a-policias-de-un-ocho-por-ciento","status":"publish","type":"post","link":"https:\/\/plazajuarez.mx\/historico\/incremento-salarial-a-policias-de-un-ocho-por-ciento\/","title":{"rendered":"Incremento salarial a polic\u00edas de un ocho por ciento"},"content":{"rendered":"<p>EN MARCO DEL D\u00cdA DEL POLIC\u00cdA <br \/>Gobernador Omar Fayad promete equipamiento pero exigir\u00e1 mayor responsabilidad de los uniformados<\/p>\n<p>  <!--more-->  <\/p>\n<p>En marco del D\u00eda del Polic\u00eda, el gobernador del Estado, Omar Fayad Meneses, anunci\u00f3 un incremento salarial del ocho por ciento para los elementos de seguridad p\u00fablica de todo el estado as\u00ed como un a\u00f1o 2017 muy prometedor en materia de equipamiento, capacitaci\u00f3n, y apoyos para los uniformados a fin de que puedan cumplir con su misi\u00f3n que\u00a0 es el cuidado y seguridad de la ciudadan\u00eda.<br \/>Por lo anterior, se\u00f1al\u00f3 que se renovar\u00e1 el parque vehicular, las nuevas patrullas tendr\u00e1n videoc\u00e1maras\u00a0 con grabaci\u00f3n hacia afuera y hacia dentro, adem\u00e1s de que las camionetas estar\u00e1n equipadas \u201ctodo terreno\u201d para que puedan acceder a regiones complicadas del Estado, lo anterior sumado a uniformes inteligentes con localizador GPS para determinar ubicaci\u00f3n de cada elemento. <br \/>De igual forma el mandatario estatal enfatiz\u00f3 la importancia de que el personal est\u00e9 debidamente capacitado y que la capacitaci\u00f3n y formaci\u00f3n profesional sea permanente, por lo que garantiz\u00f3 la cobertura total\u00a0 del tema para el 2017, y asegur\u00f3 que habr\u00e1 evaluaciones constantes a fin de que se tenga a los mejores polic\u00edas en resguardo de la ciudadan\u00eda.<br \/>Sin embargo Fayad Meneses, tambi\u00e9n asever\u00f3 que con todos los elementos antes mencionados espera resultados, ya que de lo contrario habr\u00e1 consecuencias, \u201cser\u00e9 inclemente con aquellos que cometan un acto de corrupci\u00f3n, tendr\u00e1n todas las herramientas necesarias para hacer un buen trabajo y queremos que lo hagan bien, para erradicar la mala imagen que tiene la Polic\u00eda ante la ciudadan\u00eda\u201d, dijo.<br \/>De la misma forma, el mandatario estatal ofreci\u00f3 una recompensa a todos los elementos de seguridad que denuncien a los polic\u00edas que est\u00e9n involucrados o coludidos con los criminales, as\u00ed como a los que est\u00e1n vinculados a los orde\u00f1adores de ductos \u201chuachicoleros\u201d, \u201cqueremos hacer frente a la corrupci\u00f3n, hacer un cerco para evitar que los criminales da\u00f1en a la sociedad, y lo haremos con personal eficiente, bien armado y bien capacitado\u201d, dijo.<br \/>Finalmente, el mandatario estatal asever\u00f3 que ser\u00e1n en un inicio 5 mil c\u00e1maras las que ser\u00e1n instaladas con el sistema de videovigilancia, m\u00e1s las que otorguen otros sectores como el empresarial y el paraestatal, adem\u00e1s de una ambiciosa red de fibra \u00f3ptica que servir\u00e1 para cumplir con las propuestas hechas en el tema, ya que el objetivo ser\u00e1 blindar al Estado de Hidalgo de la delincuencia y del denominado \u201cefecto cucaracha\u201d (criminales que emigran de otros Estados a Hidalgo para delinquir).<\/p>\n","protected":false},"excerpt":{"rendered":"<p>EN MARCO DEL D\u00cdA DEL POLIC\u00cdA Gobernador Omar Fayad promete equipamiento pero exigir\u00e1 mayor responsabilidad de los uniformados<\/p>\n","protected":false},"author":93,"featured_media":0,"comment_status":"open","ping_status":"open","sticky":false,"template":"","format":"standard","meta":{"footnotes":""},"categories":[59],"tags":[],"class_list":["post-33889","post","type-post","status-publish","format-standard","hentry","category-general"],"_links":{"self":[{"href":"https:\/\/plazajuarez.mx\/historico\/wp-json\/wp\/v2\/posts\/33889","targetHints":{"allow":["GET"]}}],"collection":[{"href":"https:\/\/plazajuarez.mx\/historico\/wp-json\/wp\/v2\/posts"}],"about":[{"href":"https:\/\/plazajuarez.mx\/historico\/wp-json\/wp\/v2\/types\/post"}],"author":[{"embeddable":true,"href":"https:\/\/plazajuarez.mx\/historico\/wp-json\/wp\/v2\/users\/93"}],"replies":[{"embeddable":true,"href":"https:\/\/plazajuarez.mx\/historico\/wp-json\/wp\/v2\/comments?post=33889"}],"version-history":[{"count":0,"href":"https:\/\/plazajuarez.mx\/historico\/wp-json\/wp\/v2\/posts\/33889\/revisions"}],"wp:attachment":[{"href":"https:\/\/plazajuarez.mx\/historico\/wp-json\/wp\/v2\/media?parent=33889"}],"wp:term":[{"taxonomy":"category","embeddable":true,"href":"https:\/\/plazajuarez.mx\/historico\/wp-json\/wp\/v2\/categories?post=33889"},{"taxonomy":"post_tag","embeddable":true,"href":"https:\/\/plazajuarez.mx\/historico\/wp-json\/wp\/v2\/tags?post=33889"}],"curies":[{"name":"wp","href":"https:\/\/api.w.org\/{rel}","templated":true}]}}