{"id":33884,"date":"2016-12-23T16:08:19","date_gmt":"2016-12-23T16:08:19","guid":{"rendered":"http:\/\/plazajuarez.mx\/index\/index.php\/2016\/12\/23\/retratos-hablados-325\/"},"modified":"2016-12-23T16:08:19","modified_gmt":"2016-12-23T16:08:19","slug":"retratos-hablados-325","status":"publish","type":"post","link":"https:\/\/plazajuarez.mx\/historico\/retratos-hablados-325\/","title":{"rendered":"RETRATOS HABLADOS"},"content":{"rendered":"<p>An\u00e1lisis y evaluaci\u00f3n, bases del estilo <br \/>Personal de gobernar<\/p>\n<p>  <!--more-->  <\/p>\n<p>MINUTARIO<br \/>La presentaci\u00f3n del Plan de Intervenci\u00f3n del Sistema de Transporte Tuzob\u00fas representa la confirmaci\u00f3n de un estilo de gobernar, que poco tiene que ver con la toma de decisiones al bote pronto, o simplemente porque en alg\u00fan sentido se traducir\u00e1 en un beneficio pol\u00edtico.<br \/>\u00a0\u00a0\u00a0 Porque parte de un an\u00e1lisis serio que tom\u00f3 en cuenta todas las opciones, desde la desaparici\u00f3n definitiva de la primera y \u00fanica troncal, a la posibilidad que finalmente se tom\u00f3, y que tiene que ver con la adecuaci\u00f3n de lo que ya se tiene con una inversi\u00f3n m\u00ednima.<br \/>\u00a0\u00a0\u00a0 Y es que el hecho fundamental es que una gran cantidad de personas utilizan d\u00eda con d\u00eda el Tuzob\u00fas, am\u00e9n de que de alg\u00fan modo han disminuido los accidentes que un d\u00eda s\u00ed, y otro tambi\u00e9n, provocaban las unidades de transporte colectivo conocidas como \u201cpeseras\u201d.<br \/>\u00a0\u00a0\u00a0 Pachuca es una ciudad cada vez m\u00e1s grande, que estaba urgida\u00a0 de un sistema de transporte que por lo menos apuntara a una eventual soluci\u00f3n definitiva, y con todo y las complicaciones que se originaron a partir de este primer intento, es evidente que no hay otro camino.<br \/>\u00a0\u00a0\u00a0 Sin embargo un aspecto fundamental que deber\u00e1 ser aquilatado, es que la decisi\u00f3n \u00faltima parte de un estudio riguroso, serio, que evalu\u00f3 todos los aspectos del Tuzob\u00fas, lo positivo y negativo, hasta desembocar en una decisi\u00f3n que no tiene tintes de tipo pol\u00edtico.<br \/>\u00a0\u00a0\u00a0 Es el gobernador Omar Fayad Meneses, el que deja en claro que cada una de sus decisiones partir\u00e1 de una evaluaci\u00f3n a fondo, en las que se toman en cuenta cada uno de los aspectos para finalmente dar a conocer las acciones a tomar.<br \/>\u00a0\u00a0\u00a0 El ejercicio de la pol\u00edtica tiene como sustento un trabajo permanente de evaluaci\u00f3n de lo que se recibi\u00f3 y lo que se hace. Una evaluaci\u00f3n que va directamente ligada al aprovechamiento de lo que s\u00ed funcion\u00f3, y la mejora de lo que registra complicaciones. Por supuesto tambi\u00e9n desechar lo que de plano no fue un acierto.<br \/>\u00a0\u00a0\u00a0 Y este proceso tambi\u00e9n deber\u00e1 aplicarse en el gobierno en funciones. De ah\u00ed el constante aviso del mandatario estatal a sus funcionarios, de que bajo ninguna circunstancia pretendan sentirse eternos en el puesto, porque permanecer\u00e1n en el mismo siempre y cuando logran buenos resultados.<br \/>\u00a0\u00a0\u00a0 Por ah\u00ed debemos observar este estilo personal de gobernar.<br \/>\u00a0\u00a0\u00a0 No puede, no se permitir\u00e1 en ning\u00fan momento la tentaci\u00f3n a la autocomplacencia, porque esta tiene como origen el que se cancele este proceso permanente de evaluaci\u00f3n.<br \/>\u00a0\u00a0\u00a0 Y en este mismo tenor, est\u00e1 claro que aquellos que impulsaban juicios sumarios nadam\u00e1s porque es la moda, habr\u00e1n descubierto que el gobernador sabe del ejercicio profesional de la pol\u00edtica, y en el mismo no caben, no pueden caber este tipo de acciones.<br \/>\u00a0\u00a0\u00a0 En s\u00edntesis, la presentaci\u00f3n del Plan de Intervenci\u00f3n del Tuzob\u00fas deja muy en claro que la administraci\u00f3n del gobernador Fayad, tendr\u00e1 como eje central en todo momento una tendencia definitiva al an\u00e1lisis, a la reflexi\u00f3n en torno a lo que se hace y lo que se pretende hacer.<br \/>\u00a0\u00a0\u00a0 La nueva clase pol\u00edtica que hoy mismo se gesta, deber\u00e1 estar atenta a este proceso que exige la capacidad de observar con inteligencia cada uno de las decisiones que se toman, porque la pol\u00edtica exige ante todo an\u00e1lisis y evaluaci\u00f3n.<br \/>MINUTARIO.- A todos nuestros lectores les deseo una espl\u00e9ndida Nochebuena y una venturosa Navidad. Nos encontramos en este mismo espacio el pr\u00f3ximo lunes. P\u00e1sela bien.<\/p>\n<p>jeperalta@plazajuarez.mx\/historico\/historico<br \/>twitter: @JavierEPeralta<\/p>\n<p>CITA:<br \/>\u00a0\u00a0\u00a0 El ejercicio de la pol\u00edtica tiene como sustento un trabajo permanente de evaluaci\u00f3n de lo que se recibi\u00f3 y lo que se hace. Una evaluaci\u00f3n que va directamente ligada al aprovechamiento de lo que s\u00ed funcion\u00f3, y la mejora de lo que registra complicaciones. Por supuesto tambi\u00e9n desechar lo que de plano no fue un acierto.<\/p>\n","protected":false},"excerpt":{"rendered":"<p>An\u00e1lisis y evaluaci\u00f3n, bases del estilo Personal de gobernar<\/p>\n","protected":false},"author":93,"featured_media":0,"comment_status":"open","ping_status":"open","sticky":false,"template":"","format":"standard","meta":{"footnotes":""},"categories":[49],"tags":[],"class_list":["post-33884","post","type-post","status-publish","format-standard","hentry","category-javier-peralta"],"_links":{"self":[{"href":"https:\/\/plazajuarez.mx\/historico\/wp-json\/wp\/v2\/posts\/33884","targetHints":{"allow":["GET"]}}],"collection":[{"href":"https:\/\/plazajuarez.mx\/historico\/wp-json\/wp\/v2\/posts"}],"about":[{"href":"https:\/\/plazajuarez.mx\/historico\/wp-json\/wp\/v2\/types\/post"}],"author":[{"embeddable":true,"href":"https:\/\/plazajuarez.mx\/historico\/wp-json\/wp\/v2\/users\/93"}],"replies":[{"embeddable":true,"href":"https:\/\/plazajuarez.mx\/historico\/wp-json\/wp\/v2\/comments?post=33884"}],"version-history":[{"count":0,"href":"https:\/\/plazajuarez.mx\/historico\/wp-json\/wp\/v2\/posts\/33884\/revisions"}],"wp:attachment":[{"href":"https:\/\/plazajuarez.mx\/historico\/wp-json\/wp\/v2\/media?parent=33884"}],"wp:term":[{"taxonomy":"category","embeddable":true,"href":"https:\/\/plazajuarez.mx\/historico\/wp-json\/wp\/v2\/categories?post=33884"},{"taxonomy":"post_tag","embeddable":true,"href":"https:\/\/plazajuarez.mx\/historico\/wp-json\/wp\/v2\/tags?post=33884"}],"curies":[{"name":"wp","href":"https:\/\/api.w.org\/{rel}","templated":true}]}}