{"id":3387,"date":"2015-04-07T05:00:00","date_gmt":"2015-04-07T05:00:00","guid":{"rendered":"http:\/\/plazajuarez.mx\/index\/index.php\/2015\/04\/07\/iii-festival-ciclista\/"},"modified":"2015-04-07T05:00:00","modified_gmt":"2015-04-07T05:00:00","slug":"iii-festival-ciclista","status":"publish","type":"post","link":"https:\/\/plazajuarez.mx\/historico\/iii-festival-ciclista\/","title":{"rendered":"III Festival Ciclista"},"content":{"rendered":"<p><strong>CINE DE HOY<\/strong><\/p>\n<p>Por primera vez en primavera, el Bicycle Film Festival celebra su tercera edici\u00f3n, con el objetivo de promover la cultura ciclista como estilo de vida, a trav\u00e9s del cine, el arte y la m\u00fasica.<\/p>\n<p>  <!--more-->  <\/p>\n<p>\u00a0<\/p>\n<p>Christian Salinas, su flamante director, confiesa que sufrieron algunos contratiempos, como la contingencia ambiental a fines de a\u00f1o, y la muerte de algunos compa\u00f1eros, por lo que decidieron cambiarlo a estas fechas vacacionales.<\/p>\n<p>Con el apoyo de SEDEMA, ECOBICI y el Instituto de Pol\u00edticas para el Transporte y Desarrollo (ITPD) esperan generar el Primer Mapa para disfrutar la Ciudad en Bicicleta, adem\u00e1s del Primer Foro Abierto de Mujeres en Bicicletas: Di\u00e1logo, Problemas y Soluciones; exposiciones y una conferencia de la artista Amy Franceschini.<\/p>\n<p>Brent Barbur, el creador del festival, explica que lo ha llevado a 75 pa\u00edses de todo el mundo en los que ha reunido a m\u00e1s de un mill\u00f3n de ciclistas.<\/p>\n<p>Explica que en su juventud en San Francisco, era considerado m\u00e1s cool, practicar el surf, o andar en patineta que andar en bici.<\/p>\n<p>El colmo fue cuando un cami\u00f3n lo atropell\u00f3.<\/p>\n<p>As\u00ed que decidi\u00f3 dedicarse a promover el ciclismo, para que dejara de considerarse un ciudadano de segunda.<\/p>\n<p>Con los materiales recibidos, Brent ha confeccionado 12 programas que se exhibir\u00e1n gratuitamente en el Centro de Cultura Digital y en el Foro al Aire Libre de la Cineteca Nacional.<\/p>\n<p>Se espera que al menos 5 mil ciclistas participen en las diversas actividades del festival.<\/p>\n","protected":false},"excerpt":{"rendered":"<p>CINE DE HOY Por primera vez en primavera, el Bicycle Film Festival celebra su tercera edici\u00f3n, con el objetivo de promover la cultura ciclista como estilo de vida, a trav\u00e9s del cine, el arte y la m\u00fasica.<\/p>\n","protected":false},"author":93,"featured_media":0,"comment_status":"open","ping_status":"open","sticky":false,"template":"","format":"standard","meta":{"footnotes":""},"categories":[41],"tags":[],"class_list":["post-3387","post","type-post","status-publish","format-standard","hentry","category-arteria-cultural"],"_links":{"self":[{"href":"https:\/\/plazajuarez.mx\/historico\/wp-json\/wp\/v2\/posts\/3387","targetHints":{"allow":["GET"]}}],"collection":[{"href":"https:\/\/plazajuarez.mx\/historico\/wp-json\/wp\/v2\/posts"}],"about":[{"href":"https:\/\/plazajuarez.mx\/historico\/wp-json\/wp\/v2\/types\/post"}],"author":[{"embeddable":true,"href":"https:\/\/plazajuarez.mx\/historico\/wp-json\/wp\/v2\/users\/93"}],"replies":[{"embeddable":true,"href":"https:\/\/plazajuarez.mx\/historico\/wp-json\/wp\/v2\/comments?post=3387"}],"version-history":[{"count":0,"href":"https:\/\/plazajuarez.mx\/historico\/wp-json\/wp\/v2\/posts\/3387\/revisions"}],"wp:attachment":[{"href":"https:\/\/plazajuarez.mx\/historico\/wp-json\/wp\/v2\/media?parent=3387"}],"wp:term":[{"taxonomy":"category","embeddable":true,"href":"https:\/\/plazajuarez.mx\/historico\/wp-json\/wp\/v2\/categories?post=3387"},{"taxonomy":"post_tag","embeddable":true,"href":"https:\/\/plazajuarez.mx\/historico\/wp-json\/wp\/v2\/tags?post=3387"}],"curies":[{"name":"wp","href":"https:\/\/api.w.org\/{rel}","templated":true}]}}