{"id":33724,"date":"2016-12-20T16:11:38","date_gmt":"2016-12-20T16:11:38","guid":{"rendered":"http:\/\/plazajuarez.mx\/index\/index.php\/2016\/12\/20\/la-carrera-definitiva-de-ana-gabriela\/"},"modified":"2016-12-20T16:11:38","modified_gmt":"2016-12-20T16:11:38","slug":"la-carrera-definitiva-de-ana-gabriela","status":"publish","type":"post","link":"https:\/\/plazajuarez.mx\/historico\/la-carrera-definitiva-de-ana-gabriela\/","title":{"rendered":"\u00bfLa carrera definitiva de Ana Gabriela?"},"content":{"rendered":"<p>Ana Gabriela Guevara es una de esas deportistas \u00e9picas que encantan y cautivan a una sociedad, a un pa\u00eds. No voy a rese\u00f1ar su larga y exitosa carrera atl\u00e9tica, harto conocida y reconocida, salvo para recordar que todo M\u00e9xico se paralizaba cuando iba por una medalla, todos conten\u00edamos la respiraci\u00f3n en los metros finales de sus carreras, celebr\u00e1bamos sus triunfos y nos dol\u00edamos de sus tropiezos como si fueran nuestros.<\/p>\n<p>  <!--more-->  <\/p>\n<p>Su incursi\u00f3n en la pol\u00edtica no puede sorprender. Son muchos los deportistas retirados que intentan ese camino, y no solo ellos: empresarios, personajes de las artes, de los escenarios, de la far\u00e1ndula, lo han hecho con resultados diversos.<br \/>La conozco como una mujer valiente, dedicada, luchona. No necesito coincidir con sus ideas o sus posiciones pol\u00edticas para tenerle respeto por su trayectoria. Me parece una persona decente a quien no le s\u00e9 de actos de prepotencia o arbitrariedad.<br \/>Ahora est\u00e1 en el centro de una tormenta tras haber sido v\u00edctima de una cobarde y brutal agresi\u00f3n en la carretera M\u00e9xico-Toluca. Lo que sabemos es que tras un altercado menor de tr\u00e1nsito, Ana Gabriela \u2014que viajaba en motocicleta\u2014 fue derribada al piso, golpeada y pateada por cuatro sujetos que le produjeron lesiones que, de no haber sido por su casco, habr\u00edan puesto en peligro su vida.<br \/>La denuncia fue m\u00e1s all\u00e1 porque la v\u00edctima es senadora de la Rep\u00fablica y porque convoc\u00f3 a una conferencia de prensa para detallar lo sucedido y mostrarse c\u00f3mo la dejaron sus atacantes, sin maquillaje ni lentes obscuros que ocultaran o minimizaran la tremenda golpiza recibida. A\u00f1ada usted a esto que una mujer fue golpeada por cuatro sujetos, pateada en el piso, en una de las autopistas m\u00e1s transitadas del pa\u00eds.<br \/>El asunto me toc\u00f3 profundamente no solo porque conozco a Ana Gabriela y fue de mis \u00eddolos deportivos, sino porque todo esto es simb\u00f3lico de la violencia cotidiana que sufren las mujeres en este pa\u00eds, que es ignorada, minimizada, convertida en materia de chistes o de expresiones tan mis\u00f3ginas o m\u00e1s que las agresiones mismas. <br \/>El mal intento de defensa de los agresores, que se escudan en \u201cno sab\u00edamos que era mujer porque obscurec\u00eda\u201d solo delata su cobard\u00eda: pegarle entre cuatro a quien sea es de dar asco. <br \/>Entristece ver c\u00f3mo muchos disculpan la agresi\u00f3n \u201cporque la gente est\u00e1 harta de los pol\u00edticos, de los influyentes\u201d, e incluso alguno por ah\u00ed exigi\u00f3 que no se investigara la agresi\u00f3n, casi casi para que vean lo que se siente, como si un acto m\u00e1s de impunidad fuera a ser consuelo para las incontables v\u00edctimas de la violencia cotidiana, esa que no requiere de guerras contra el narco ni de insurrecciones armadas, esa violencia que sufren incontables personas cuando el acoso sexual o laboral, la golpiza familiar o en la calle, la homofobia, el bullying, todas esas expresiones de agresividad que la dizque gente de bien opta por ignorar, por justificar.<br \/>M\u00e9xico es un pa\u00eds de profundas injusticias y desigualdades, de corrupcion p\u00fablica y privada, que con justa raz\u00f3n denunciamos a diario. Pero es tambi\u00e9n un pa\u00eds en el que cuatro salvajes se bajan a patear a una mujer indefensa y nadie se mete. En el que los vecinos de un condominio no act\u00faan contra un empleado que es acosador sexual porque no quieren pagar su liquidaci\u00f3n, en que sabemos que un amigo\/conocido\/colega le pega a su esposa e hijos pero no hacemos nada, que maltrata a sus mascotas pero pues son suyas, no te vayas a meter, no vayas a denunciar.<br \/>Somos un pa\u00eds de cobardes si no levantamos la voz por todas esas v\u00edctimas que no son pol\u00edticamente rentables, que son desconocidas, an\u00f3nimas, como esa solitaria figura en la autopista por la que nadie se detuvo, a la que nadie auxili\u00f3.<br \/>Yo aplaudo a Ana Gabriela por denunciar p\u00fablicamente y espero que su caso tenga repercusiones. Que nos haga ser m\u00e1s conscientes y menos tolerantes de la barbarie cotidiana que nos ahoga.<br \/>Si lo logra, ser\u00e1 su m\u00e1s importante victoria. Y la de todos. <br \/>Twitter: @gabrielguerrac<br \/>Facebook: Gabriel Guerra Castellanos<\/p>\n","protected":false},"excerpt":{"rendered":"<p>Ana Gabriela Guevara es una de esas deportistas \u00e9picas que encantan y cautivan a una sociedad, a un pa\u00eds. No voy a rese\u00f1ar su larga y exitosa carrera atl\u00e9tica, harto conocida y reconocida, salvo para recordar que todo M\u00e9xico se paralizaba cuando iba por una medalla, todos conten\u00edamos la respiraci\u00f3n en los metros finales de [&hellip;]<\/p>\n","protected":false},"author":93,"featured_media":0,"comment_status":"open","ping_status":"open","sticky":false,"template":"","format":"standard","meta":{"footnotes":""},"categories":[42],"tags":[],"class_list":["post-33724","post","type-post","status-publish","format-standard","hentry","category-nuestrapalabra"],"_links":{"self":[{"href":"https:\/\/plazajuarez.mx\/historico\/wp-json\/wp\/v2\/posts\/33724","targetHints":{"allow":["GET"]}}],"collection":[{"href":"https:\/\/plazajuarez.mx\/historico\/wp-json\/wp\/v2\/posts"}],"about":[{"href":"https:\/\/plazajuarez.mx\/historico\/wp-json\/wp\/v2\/types\/post"}],"author":[{"embeddable":true,"href":"https:\/\/plazajuarez.mx\/historico\/wp-json\/wp\/v2\/users\/93"}],"replies":[{"embeddable":true,"href":"https:\/\/plazajuarez.mx\/historico\/wp-json\/wp\/v2\/comments?post=33724"}],"version-history":[{"count":0,"href":"https:\/\/plazajuarez.mx\/historico\/wp-json\/wp\/v2\/posts\/33724\/revisions"}],"wp:attachment":[{"href":"https:\/\/plazajuarez.mx\/historico\/wp-json\/wp\/v2\/media?parent=33724"}],"wp:term":[{"taxonomy":"category","embeddable":true,"href":"https:\/\/plazajuarez.mx\/historico\/wp-json\/wp\/v2\/categories?post=33724"},{"taxonomy":"post_tag","embeddable":true,"href":"https:\/\/plazajuarez.mx\/historico\/wp-json\/wp\/v2\/tags?post=33724"}],"curies":[{"name":"wp","href":"https:\/\/api.w.org\/{rel}","templated":true}]}}