{"id":33723,"date":"2016-12-20T16:14:53","date_gmt":"2016-12-20T16:14:53","guid":{"rendered":"http:\/\/plazajuarez.mx\/index\/index.php\/2016\/12\/20\/el-bono-premios-y-castigos\/"},"modified":"2016-12-20T16:14:53","modified_gmt":"2016-12-20T16:14:53","slug":"el-bono-premios-y-castigos","status":"publish","type":"post","link":"https:\/\/plazajuarez.mx\/historico\/el-bono-premios-y-castigos\/","title":{"rendered":"El bono: premios y castigos"},"content":{"rendered":"<p>El inefable \u201cbono navide\u00f1o\u201d ha puesto en la picota a la C\u00e1mara de Diputados. Muchos no entendemos la decisi\u00f3n de otorgarlo de la Junta de Coordinaci\u00f3n Pol\u00edtica, el \u00f3rgano de coordinadores controlado por el del PRI, cuya bancada es mayoritaria. Ese pu\u00f1ado de personas siempre ha decidido en la opacidad pr\u00e1cticamente todo. Por ello la inmensa mayor\u00eda de los diputados, los de tropa, nos enteramos del bono cuando EL UNIVERSAL, haciendo periodismo del bueno, lo descubri\u00f3. Por razones morales que son evidentes en un pa\u00eds en que la mitad de la poblaci\u00f3n vive en la pobreza, los recursos \u201cbonificados\u201d debieron haber sido destinados a programas sociales. Los legisladores estamos muy bien pagados y la situaci\u00f3n del pa\u00eds exige un esfuerzo de austeridad. Pero si ese razonamiento no fuera suficiente, el instinto de supervivencia de una clase pol\u00edtica repudiada por la sociedad debi\u00f3 haber inhibido el dispendio. Incurrir en \u00e9l fue ver la tempestad y no arrodillarse, o no ver la tormenta por miop\u00eda de impunidad. La C\u00e1mara, blanco frecuente y f\u00e1cil de palizas medi\u00e1ticas por notas de punch como esa (y porque pocos medios se atreven a hablar de la corrupci\u00f3n del presidente y su gabinete), se gan\u00f3 a pulso una m\u00e1s.<\/p>\n<p>  <!--more-->  <\/p>\n<p>Ahora bien, examinemos el otro lado del mostrador. Yo decid\u00ed donar el famoso bono a dos organizaciones altruistas ejemplares. Eso provoc\u00f3 que se me criticara en el programa radiof\u00f3nico de Denise Maerker, porque ella determin\u00f3 premiar frente a su auditorio exclusivamente a quienes lo rechazaran. El viernes le expliqu\u00e9 al aire mi posici\u00f3n. Desde septiembre del a\u00f1o pasado rechac\u00e9 el seguro m\u00e9dico privado que se otorga a los diputados, hace un mes rechac\u00e9 las decenas de millones que me tocaba asignar del \u201cfondo de moches\u201d, luego vot\u00e9 en contra del Presupuesto 2017 y hace dos semanas present\u00e9 una iniciativa para rechazar el mecanismo perverso de los \u201cmoches\u201d (y ninguno de mis rechazos me hizo acreedor al premio). En esta ocasi\u00f3n prefer\u00ed donar los 150 mil pesos porque de otro modo se dar\u00edan a otros legisladores que los gastar\u00edan. Me hicieron reflexionar las reclamaciones que recib\u00ed por no haber asignado en su momento los recursos millonarios para obras en comunidades que las ped\u00edan a gritos. No son iguales, por cierto, las circunstancias de mis dos decisiones, porque los millones de \u201cmoches\u201d que rechac\u00e9 (creo que fui el \u00fanico que lo hizo) acabaron siendo asignados, al menos en su mayor parte, a obra p\u00fablica. Pero mi defensa fue in\u00fatil. Se me conden\u00f3 bajo una l\u00f3gica desconcertante: la \u00fanica opci\u00f3n correcta es no aceptarlo, y no caben diferencias entre gastarlo bajo los usos y costumbres de la politiquer\u00eda camaral y donar ese dinero a quienes tanto lo necesitan.<br \/>El motivo de mi desconcierto es que una periodista inteligente y rigurosa como Denise prefiera premiar (y castigar) a los diputados con un criterio que excluye el cotejo de historiales (hay que ver las trayectorias de algunos de los premiados), empezando por el de esta Legislatura. Eso incentiva la astucia y el oportunismo, no la honestidad. Y es que involuntariamente se est\u00e1 replicando la postura de los mandarines pri\u00edstas, a quienes irrit\u00f3 que algunos anunci\u00e1ramos que donar\u00edamos el bono porque trastocamos sus designios de engrosar cuentas personales (aunque hay quienes s\u00ed usan los recursos para pagar estructura de gestor\u00eda, el esquema no est\u00e1 pensado para ellos sino para quienes aceitan el engranaje de complicidades de la partidocracia). No es fortuito que el vicecoordinador de los diputados del PRI haya pontificado contra la donaci\u00f3n del dinero. Traducci\u00f3n: no se les ocurra salirse del huacal.<br \/>Yo no ped\u00ed ni aval\u00e9 ese bono, ni tengo o busco clientelas. Quiero que este hecho hoy consumado no se repita, y para ello tiene el mismo efecto rechazarlo o donarlo, siempre y cuando se exhiba la corruptela presupuestal. Y no me quejo de que se cuestione mi donaci\u00f3n sino de que se me meta en el saco de quienes no quieren cambiar las cosas. Por lo dem\u00e1s, es probable que al terminar la LXIII Legislatura vuelva a la academia y me aleje de la indignaci\u00f3n que hace pagar a justos por pecadores. Prometo juzgar con cuidado a quienes sigan haciendo pol\u00edtica, porque lo que est\u00e1 en juego es algo m\u00e1s que reputaciones personales: es la democracia misma, en riesgo de quiebra por nuestra pol\u00edtica corrupta, que desoye a la gente, catalizado por nuestro periodismo, que a menudo solo dice lo que la gente quiere o\u00edr. <br \/>@abasave<\/p>\n","protected":false},"excerpt":{"rendered":"<p>El inefable \u201cbono navide\u00f1o\u201d ha puesto en la picota a la C\u00e1mara de Diputados. Muchos no entendemos la decisi\u00f3n de otorgarlo de la Junta de Coordinaci\u00f3n Pol\u00edtica, el \u00f3rgano de coordinadores controlado por el del PRI, cuya bancada es mayoritaria. Ese pu\u00f1ado de personas siempre ha decidido en la opacidad pr\u00e1cticamente todo. Por ello la [&hellip;]<\/p>\n","protected":false},"author":93,"featured_media":0,"comment_status":"open","ping_status":"open","sticky":false,"template":"","format":"standard","meta":{"footnotes":""},"categories":[42],"tags":[],"class_list":["post-33723","post","type-post","status-publish","format-standard","hentry","category-nuestrapalabra"],"_links":{"self":[{"href":"https:\/\/plazajuarez.mx\/historico\/wp-json\/wp\/v2\/posts\/33723","targetHints":{"allow":["GET"]}}],"collection":[{"href":"https:\/\/plazajuarez.mx\/historico\/wp-json\/wp\/v2\/posts"}],"about":[{"href":"https:\/\/plazajuarez.mx\/historico\/wp-json\/wp\/v2\/types\/post"}],"author":[{"embeddable":true,"href":"https:\/\/plazajuarez.mx\/historico\/wp-json\/wp\/v2\/users\/93"}],"replies":[{"embeddable":true,"href":"https:\/\/plazajuarez.mx\/historico\/wp-json\/wp\/v2\/comments?post=33723"}],"version-history":[{"count":0,"href":"https:\/\/plazajuarez.mx\/historico\/wp-json\/wp\/v2\/posts\/33723\/revisions"}],"wp:attachment":[{"href":"https:\/\/plazajuarez.mx\/historico\/wp-json\/wp\/v2\/media?parent=33723"}],"wp:term":[{"taxonomy":"category","embeddable":true,"href":"https:\/\/plazajuarez.mx\/historico\/wp-json\/wp\/v2\/categories?post=33723"},{"taxonomy":"post_tag","embeddable":true,"href":"https:\/\/plazajuarez.mx\/historico\/wp-json\/wp\/v2\/tags?post=33723"}],"curies":[{"name":"wp","href":"https:\/\/api.w.org\/{rel}","templated":true}]}}