{"id":33623,"date":"2016-12-18T15:44:50","date_gmt":"2016-12-18T15:44:50","guid":{"rendered":"http:\/\/plazajuarez.mx\/index\/index.php\/2016\/12\/18\/festival-navideno-en-primaria-rural-de-mogotes\/"},"modified":"2016-12-18T15:44:50","modified_gmt":"2016-12-18T15:44:50","slug":"festival-navideno-en-primaria-rural-de-mogotes","status":"publish","type":"post","link":"https:\/\/plazajuarez.mx\/historico\/festival-navideno-en-primaria-rural-de-mogotes\/","title":{"rendered":"Festival Navide\u00f1o; en primaria rural de Mogotes"},"content":{"rendered":"<p>Tizayuca <\/p>\n<p>Alumnos interpretaron canciones como Cascabel y Burrito sabanero con mucha alegr\u00eda y entusiasmo<\/p>\n<p>  <!--more-->  <\/p>\n<p>Alumnos de la primaria rural Francisco I. Madero de la comunidad de Mogotes celebraron su festival navide\u00f1o con mucho entusiasmo, el pasado viernes en la explanada de su escuela a la que se dieron cita familiares y conocidos.<br \/>La directora Rita Gabriela Morales Ordaz, fue quien dio la bienvenida a los presentes y los invit\u00f3 a disfrutar lo que se hab\u00eda organizado en conjunto con los ni\u00f1os para esta \u00e9poca en la que el esp\u00edritu navide\u00f1o invade los corazones.\u00a0 <br \/>El programa estuvo a cargo de la maestra de ceremonias F\u00e1tima Itzamaly Burgos Guti\u00e9rrez, quien present\u00f3 a cada grupo y coordin\u00f3 de manera alegre y vistosa. <br \/>Familiares e invitados aplaudieron y animaron en todo momento a los peque\u00f1os que bailaron vestidos de cajas de regalo, con gorros navide\u00f1os y vestimentas alusivas a la Navidad.<br \/>El profesor V\u00edctor Hugo S\u00e1nchez relat\u00f3 una historia muy contempor\u00e1nea\u2026 respecto los padres que en la actualidad no tienen tiempo para convivir con sus hijos. La nostalgia se pudo observar en algunos padres, muchos de ellos no pudieron contener las l\u00e1grimas.<br \/>Los padres de familia les prepararon una sorpresa a sus hijos, quienes no ten\u00edan idea de que participar\u00edan en una pastorela muy divertida. Fueron recibidos con muchas sonrisas por la comicidad que provocaron.<br \/>Cabe mencionar que esta primaria rural es una de las escuelas con pocos recursos en la zona, pero los ni\u00f1os aprovechan la educaci\u00f3n y lo que est\u00e1 al alcance de sus padres que no cuentan con muchos recursos, pero hacen todo lo posible porque sus peque\u00f1os se beneficien con herramientas que la escuela y los maestros aportan para ser mejores.<br \/>La directora Rita Gabriela Morales Ordaz y los maestros Doris Liliana S\u00e1nchez Vera, F\u00e1tima Itzamaly Burgos Guti\u00e9rrez y V\u00edctor Hugo S\u00e1nchez son quienes se encargan de los 69 alumnos de primero a sexto grado, y desempe\u00f1an una gran labor con los ni\u00f1os y ni\u00f1as de esta comunidad.<\/p>\n","protected":false},"excerpt":{"rendered":"<p>Tizayuca Alumnos interpretaron canciones como Cascabel y Burrito sabanero con mucha alegr\u00eda y entusiasmo<\/p>\n","protected":false},"author":93,"featured_media":0,"comment_status":"open","ping_status":"open","sticky":false,"template":"","format":"standard","meta":{"footnotes":""},"categories":[40],"tags":[],"class_list":["post-33623","post","type-post","status-publish","format-standard","hentry","category-region"],"_links":{"self":[{"href":"https:\/\/plazajuarez.mx\/historico\/wp-json\/wp\/v2\/posts\/33623","targetHints":{"allow":["GET"]}}],"collection":[{"href":"https:\/\/plazajuarez.mx\/historico\/wp-json\/wp\/v2\/posts"}],"about":[{"href":"https:\/\/plazajuarez.mx\/historico\/wp-json\/wp\/v2\/types\/post"}],"author":[{"embeddable":true,"href":"https:\/\/plazajuarez.mx\/historico\/wp-json\/wp\/v2\/users\/93"}],"replies":[{"embeddable":true,"href":"https:\/\/plazajuarez.mx\/historico\/wp-json\/wp\/v2\/comments?post=33623"}],"version-history":[{"count":0,"href":"https:\/\/plazajuarez.mx\/historico\/wp-json\/wp\/v2\/posts\/33623\/revisions"}],"wp:attachment":[{"href":"https:\/\/plazajuarez.mx\/historico\/wp-json\/wp\/v2\/media?parent=33623"}],"wp:term":[{"taxonomy":"category","embeddable":true,"href":"https:\/\/plazajuarez.mx\/historico\/wp-json\/wp\/v2\/categories?post=33623"},{"taxonomy":"post_tag","embeddable":true,"href":"https:\/\/plazajuarez.mx\/historico\/wp-json\/wp\/v2\/tags?post=33623"}],"curies":[{"name":"wp","href":"https:\/\/api.w.org\/{rel}","templated":true}]}}