{"id":33534,"date":"2016-12-16T16:24:31","date_gmt":"2016-12-16T16:24:31","guid":{"rendered":"http:\/\/plazajuarez.mx\/index\/index.php\/2016\/12\/16\/acalorada-discusion-por-presupuesto-de-egresos-2017\/"},"modified":"2016-12-16T16:24:31","modified_gmt":"2016-12-16T16:24:31","slug":"acalorada-discusion-por-presupuesto-de-egresos-2017","status":"publish","type":"post","link":"https:\/\/plazajuarez.mx\/historico\/acalorada-discusion-por-presupuesto-de-egresos-2017\/","title":{"rendered":"Acalorada discusi\u00f3n por Presupuesto de Egresos 2017"},"content":{"rendered":"<p>EN EL CONGRESO LOCAL<\/p>\n<p>Cipriano Charrez conden\u00f3 que dentro del Presupuesto exista recurso etiquetado para entes que el Gobernador anunci\u00f3 que desaparecer\u00edan<\/p>\n<p>  <!--more-->  <\/p>\n<p>Luego de que concluyeran los puntos medulares de la sesi\u00f3n ordinaria del congreso local, comenzaron a leerse los asuntos generales, en los que particip\u00f3 el diputado Cipriano Charrez Pedraza del Partido Acci\u00f3n Nacional (PAN), con el que propuso un exhorto a la Comisi\u00f3n de Hacienda y Presupuesto para que en el an\u00e1lisis y discusi\u00f3n del Paquete Hacendario 2017, se asignen m\u00e1s recursos para el rubro educativo, especialmente para la instalaci\u00f3n de un campus de la Universidad Aut\u00f3noma del Estado de Hidalgo (UAEH) en el Valle del Mezquital.<\/p>\n<p>El diputado estuvo acompa\u00f1ado de gente proveniente de diversos puntos del estado tanto del Valle del Mezquital como de otros del Altiplano, sin embargo en su participaci\u00f3n conden\u00f3 que dentro del Presupuesto de Egresos 2017, exista recurso etiquetado para entes que el gobernador de la entidad, Omar Fayad Meneses, anunci\u00f3 que desaparecer\u00edan, as\u00ed como para secretar\u00edas que a\u00fan no han sido constituidas.<\/p>\n<p>La participaci\u00f3n del panista fue seguida por diputados del Partido de la Revoluci\u00f3n Democr\u00e1tica (PRD), del Movimiento de Regeneraci\u00f3n Nacional (Morena), Nueva Alianza y otros de su misma bancada, quienes en su momento criticaron la postura del presidente de la comisi\u00f3n, Canek V\u00e1zquez G\u00f3ngora, as\u00ed como algunas determinaciones hechas dentro de la comisi\u00f3n, previo a que fuera aprobado el proyecto que en breve se deber\u00e1 presentar al pleno.<\/p>\n<p>Por su parte, el presidente de la comisi\u00f3n, Canek V\u00e1zquez G\u00f3ngora, apunt\u00f3 que dentro de la comisi\u00f3n existe participaci\u00f3n de seis de las ocho representaciones partidistas, y asever\u00f3 que los dict\u00e1menes que fueron aprobados dentro de la comisi\u00f3n se hicieron con el 80 por ciento de los votos a favor y contest\u00f3 uno a uno los planteamientos hechos por la oposici\u00f3n, incluso se atrevi\u00f3 a pedir la palabra para cuestionar al diputado de Morena y uno del PAN, mismos que se negaron a recibir las preguntas de V\u00e1zquez G\u00f3ngora.<\/p>\n","protected":false},"excerpt":{"rendered":"<p>EN EL CONGRESO LOCAL Cipriano Charrez conden\u00f3 que dentro del Presupuesto exista recurso etiquetado para entes que el Gobernador anunci\u00f3 que desaparecer\u00edan<\/p>\n","protected":false},"author":93,"featured_media":0,"comment_status":"open","ping_status":"open","sticky":false,"template":"","format":"standard","meta":{"footnotes":""},"categories":[59],"tags":[],"class_list":["post-33534","post","type-post","status-publish","format-standard","hentry","category-general"],"_links":{"self":[{"href":"https:\/\/plazajuarez.mx\/historico\/wp-json\/wp\/v2\/posts\/33534","targetHints":{"allow":["GET"]}}],"collection":[{"href":"https:\/\/plazajuarez.mx\/historico\/wp-json\/wp\/v2\/posts"}],"about":[{"href":"https:\/\/plazajuarez.mx\/historico\/wp-json\/wp\/v2\/types\/post"}],"author":[{"embeddable":true,"href":"https:\/\/plazajuarez.mx\/historico\/wp-json\/wp\/v2\/users\/93"}],"replies":[{"embeddable":true,"href":"https:\/\/plazajuarez.mx\/historico\/wp-json\/wp\/v2\/comments?post=33534"}],"version-history":[{"count":0,"href":"https:\/\/plazajuarez.mx\/historico\/wp-json\/wp\/v2\/posts\/33534\/revisions"}],"wp:attachment":[{"href":"https:\/\/plazajuarez.mx\/historico\/wp-json\/wp\/v2\/media?parent=33534"}],"wp:term":[{"taxonomy":"category","embeddable":true,"href":"https:\/\/plazajuarez.mx\/historico\/wp-json\/wp\/v2\/categories?post=33534"},{"taxonomy":"post_tag","embeddable":true,"href":"https:\/\/plazajuarez.mx\/historico\/wp-json\/wp\/v2\/tags?post=33534"}],"curies":[{"name":"wp","href":"https:\/\/api.w.org\/{rel}","templated":true}]}}