{"id":33530,"date":"2016-12-16T16:23:14","date_gmt":"2016-12-16T16:23:14","guid":{"rendered":"http:\/\/plazajuarez.mx\/index\/index.php\/2016\/12\/16\/fed-aumenta-sus-tasas-y-pone-fin-a-dinero-barato-2\/"},"modified":"2016-12-16T16:23:14","modified_gmt":"2016-12-16T16:23:14","slug":"fed-aumenta-sus-tasas-y-pone-fin-a-dinero-barato-2","status":"publish","type":"post","link":"https:\/\/plazajuarez.mx\/historico\/fed-aumenta-sus-tasas-y-pone-fin-a-dinero-barato-2\/","title":{"rendered":"FED aumenta sus tasas y pone fin a dinero barato"},"content":{"rendered":"<p>En esta ocasi\u00f3n no podemos culpar al presidente electo de los Estados Unidos, Donald Trump, por esa decisi\u00f3n, alguien que seguramente en el futuro ser\u00e1 nombrado como el responsable de todos los males en M\u00e9xico<\/p>\n<p>  <!--more-->  <\/p>\n<p>Fin del dinero barato para los intermediarios financieros estadounidenses. La Reserva Federal de los Estados Unidos (FED), banco central, ha elevado sus tasas de inter\u00e9s en 25%, en un rango entre 0.5 a 0.75%; bajo el argumento de que hay una mejora en el \u00e1mbito laboral y de la inflaci\u00f3n, lo que posibilita poner punto final a la pol\u00edtica de est\u00edmulo econ\u00f3mico con tasas cerca de cero puntos desde el inicio de la crisis en 2008.<br \/>En esta ocasi\u00f3n no podemos culpar al presidente electo de los Estados Unidos, Donald Trump, por esa decisi\u00f3n, alguien que seguramente en el futuro ser\u00e1 nombrado como el responsable de todos los males en M\u00e9xico; sobre todo, cuando el gobierno nacional se ha acostumbrado a tener a ese pa\u00eds como fuente de soluci\u00f3n de sus problemas econ\u00f3micos y sociales; receptor de emigrantes mexicanos desempleados o sin oportunidades, de alrededor del 80% en promedio del total de sus exportaciones anuales y su prestamista de \u00faltimo recurso en tiempos de crisis.<br \/>Ahora Donald Trump quiere que los pa\u00edses del planeta se hagan cargo de sus econom\u00edas y de su propia defensa, que cada uno se las arregle como pueda, que no esperen m\u00e1s de lo que pueden hacer los Estados Unidos por sus propios ciudadanos, declarando que pondr\u00e1 fin a la pol\u00edtica intervencionista practicada por los Estados Unidos durante a\u00f1os, cambiando gobiernos e imponiendo modelos econ\u00f3micos aqu\u00ed y all\u00e1. <br \/>Eso suena muy bien si logra hacerlo y seguramente muchos pa\u00edses aplaudir\u00e1n que no incurran en m\u00e1s desaciertos como en Iraq o Libia recientemente; ya no digamos de su intervenci\u00f3n a trav\u00e9s de su embajada en el inicio de la ca\u00edda de Porfirio D\u00edaz en M\u00e9xico, la deposici\u00f3n del gobierno de Jacobo Arvense en Guatemala en 1954, el derrocamiento de Salvador Allende en Chile en 1973, la invasi\u00f3n a Granada en el Caribe en 1983 o de Panam\u00e1.<br \/>Aunque todos los analistas esper\u00e1bamos esta decisi\u00f3n de la FED al concluir 2016, fueron doce meses de suspenso e incertidumbre para que la FED elevara finalmente las tasas de inter\u00e9s en un cuarto de punto. El Comit\u00e9 de la Reserva decidi\u00f3 incrementar la tasa de efectivo diario entre 0.50% y 0.75% para los fondos federales por unanimidad; y aunque el aumento es modesto, como lo calific\u00f3 la presidenta de la FED, Janet Yellen, los mercados podr\u00e1n dormir tranquilos y disfrutar de las fiestas de fin de a\u00f1o sin tratar de adivinar m\u00e1s los pasos que pueda dar el banco central de los Estados Unidos, el cual seguir\u00e1 trabajando para apoyar la mejora del mercado de trabajo y el retorno de la inflaci\u00f3n en al 2%, seg\u00fan su presidenta, una inflaci\u00f3n que insiste en hacerle compa\u00f1\u00eda al nivel de las tasas.<br \/>Con esta decisi\u00f3n, tomada casi en la misma fecha que en el a\u00f1o pasado, se podr\u00eda vaticinar que durante 2017 la FED puede dejar sin cambios su pol\u00edtica monetaria hasta finales del mismo a\u00f1o. El 16 de diciembre de 2015, la FED anunci\u00f3 que elevar\u00eda sus tasas de inter\u00e9s en un 0.25% por primera vez en casi diez a\u00f1os, desde 2008, poniendo fin a una d\u00e9cada de dinero f\u00e1cil para los bancos comerciales.<br \/>Pero pese a los esfuerzos de la FED por animar la econom\u00eda, nada ha salido como lo hab\u00eda previsto con su pol\u00edtica monetaria de est\u00edmulo econ\u00f3mico. A pesar del dinamismo que parece tomara el mercado del trabajo, la reactivaci\u00f3n del crecimiento de la econom\u00eda de los Estados Unidos sigue siendo menos vigoroso que lo esperado por la Reserva; los precios del petr\u00f3leo no han aumentado y la inflaci\u00f3n ha crecido muy lentamente; y para colmo, los mercados han estado bajo la presi\u00f3n del Brexit, la desaceleraci\u00f3n del crecimiento de la econom\u00eda china que se hab\u00eda convertido en locomotora de todo el planeta y la campa\u00f1a electoral en los Estados Unidos, cuyos resultados a\u00fan mantienen nerviosos a los mercados. Todo ello condujo a que la FED actuara con cautela y no se atreviera a mover sus tasas.<br \/>La econom\u00eda contin\u00faa enviando se\u00f1ales contradictorias, pero ahora que la FED ha considerado que este es el momento para actuar, con una tasa de desempleo que ha ca\u00eddo a 4.6% en noviembre pasado, su nivel m\u00e1s bajo en nueve a\u00f1os, y el crecimiento de la econom\u00eda en el tercer trimestre de 3.2%. Ahora los inversionistas han descartado que la Reserva Federal suba sus tasas el d\u00eda despu\u00e9s de que Donald Trump asuma el poder y anuncie su paquete de est\u00edmulo econ\u00f3mico, con sus recortes de impuestos, desregulaciones y programas de construcci\u00f3n de infraestructura, lo cual ser\u00eda positivo para estimular el crecimiento y la inflaci\u00f3n.<br \/>Evidentemente, estos aumentos de los tipos de inter\u00e9s impactar\u00e1n negativamente en los flujos de inversi\u00f3n extranjera en M\u00e9xico y en el tipo de cambio. Lo l\u00f3gico ser\u00e1 que con mayores tasas de inter\u00e9s y est\u00edmulos econ\u00f3micos, muchos capitales vuelvan a los Estados Unidos y el peso continu\u00e9 perdiendo valor y si Trump cumple sus promesas de campa\u00f1a, de revisar o terminar con el Tratado de Libre Comercio de Am\u00e9rica del Norte (TLCAN), poner aranceles de m\u00e1s del 30% a las importaciones provenientes de M\u00e9xico y deportar a millones de mexicanos ilegales que viven en su pa\u00eds, el gobierno mexicano podr\u00eda tener una bomba de tiempo en sus manos y bien podr\u00eda ser el fin de la continuidad de los partidos tradicionales en Los Pinos.<\/p>\n","protected":false},"excerpt":{"rendered":"<p>En esta ocasi\u00f3n no podemos culpar al presidente electo de los Estados Unidos, Donald Trump, por esa decisi\u00f3n, alguien que seguramente en el futuro ser\u00e1 nombrado como el responsable de todos los males en M\u00e9xico<\/p>\n","protected":false},"author":93,"featured_media":0,"comment_status":"open","ping_status":"open","sticky":false,"template":"","format":"standard","meta":{"footnotes":""},"categories":[45],"tags":[],"class_list":["post-33530","post","type-post","status-publish","format-standard","hentry","category-jose-luis-ortiz-santillan"],"_links":{"self":[{"href":"https:\/\/plazajuarez.mx\/historico\/wp-json\/wp\/v2\/posts\/33530","targetHints":{"allow":["GET"]}}],"collection":[{"href":"https:\/\/plazajuarez.mx\/historico\/wp-json\/wp\/v2\/posts"}],"about":[{"href":"https:\/\/plazajuarez.mx\/historico\/wp-json\/wp\/v2\/types\/post"}],"author":[{"embeddable":true,"href":"https:\/\/plazajuarez.mx\/historico\/wp-json\/wp\/v2\/users\/93"}],"replies":[{"embeddable":true,"href":"https:\/\/plazajuarez.mx\/historico\/wp-json\/wp\/v2\/comments?post=33530"}],"version-history":[{"count":0,"href":"https:\/\/plazajuarez.mx\/historico\/wp-json\/wp\/v2\/posts\/33530\/revisions"}],"wp:attachment":[{"href":"https:\/\/plazajuarez.mx\/historico\/wp-json\/wp\/v2\/media?parent=33530"}],"wp:term":[{"taxonomy":"category","embeddable":true,"href":"https:\/\/plazajuarez.mx\/historico\/wp-json\/wp\/v2\/categories?post=33530"},{"taxonomy":"post_tag","embeddable":true,"href":"https:\/\/plazajuarez.mx\/historico\/wp-json\/wp\/v2\/tags?post=33530"}],"curies":[{"name":"wp","href":"https:\/\/api.w.org\/{rel}","templated":true}]}}