{"id":33529,"date":"2016-12-16T16:23:14","date_gmt":"2016-12-16T16:23:14","guid":{"rendered":"http:\/\/plazajuarez.mx\/index\/index.php\/2016\/12\/16\/alfil-negro-669\/"},"modified":"2016-12-16T16:23:14","modified_gmt":"2016-12-16T16:23:14","slug":"alfil-negro-669","status":"publish","type":"post","link":"https:\/\/plazajuarez.mx\/historico\/alfil-negro-669\/","title":{"rendered":"ALFIL NEGRO"},"content":{"rendered":"<p>\u00bfPOR QU\u00c9 SE OPONE EL GRUPO UNIVERSIDAD<br \/>A LA SECRETAR\u00cdA DE LA CULTURA&#8230;?<\/p>\n<p>  <!--more-->  <\/p>\n<p>Hace unas horas el Gobernador OMAR FAYAD propuso la creaci\u00f3n de la SECRETAR\u00cdA DE CULTURA como un acto de justicia\u00a0 absolutamente necesario,\u00a0 porque dejar la cultura en rango de subsecretar\u00eda ser\u00eda una verg\u00fcenza en el entendido de que gobierno que no promueve la cultura est\u00e1 condenado a no ser un gobierno exitoso, porque al final todos su problemas terminan por ser problemas de cultura. Y dijo m\u00e1s en el sentido de que\u00a0 de ninguna manera ser\u00e1 pretexto para crear burocracia: \u201cNO ME PIDAN PARA BUR\u00d3CRATAS, NO SE LOS VOY A\u00a0 DAR, VAMOS A DAR RECURSOS PARA LA PROMOCI\u00d3N CULTURAL, SU DIFUSI\u00d3N, PARA EL APOYO A SUS CREADORES Y SUS ESPACIOS CULTURALES PERO NO PARA OFICINAS BUROCR\u00c1TICAS\u201d. As\u00ed de claro y contundente fue el gobernador sobre esta materia en que deja claro que se crear\u00e1 la Secretar\u00eda, que ser\u00e1 con la misma estructura\u00a0 del Consejo Estatal para la Cultura y las Artes\u00a0 de Hidalgo \u201cCECULTAH\u201d, de tal manera que con poco personal pero con eficacia se logren las metas. <br \/>Y APUNT\u00d3 QUE LA NUEVA Secretar\u00eda tendr\u00e1 como primeros retos para el Plan Estatal de Desarrollo un programa de Cultura para mejorar los espacios de esta naturaleza con los que ya se cuentan, as\u00ed como la promoci\u00f3n, difusi\u00f3n y creaci\u00f3n que tanto necesita el estado. Para este fin se envi\u00f3 ya la iniciativa al Congreso. Como se ve tiene argumentaci\u00f3n y sustento, y proyecto para que con trabajo impulse el rengl\u00f3n de la cultura.<br \/>LLAMA POR LO MISMO LA ATENCI\u00d3N QUE\u00a0 EL GRUPO UNIVERSIDAD DE SOSA CASTEL\u00c1N\u00a0 se manifieste en contra A TRAV\u00c9S DE SU MEDIO DE COMUNICACI\u00d3N, en el que juega al ciego y se\u00f1ala no ver qu\u00e9 beneficios traer\u00e1 esta secretar\u00eda al estado y quiere reducir la propuesta a experimento que puede retrasar el tema para perjuicio del estado en su pobre oferta de consumo cultural.<br \/>Es dif\u00edcil ver que la\u00a0 m\u00e1xima casa de estudios del estado que tiene en la promoci\u00f3n cultural una de sus obligaciones m\u00e1s fuertes para con el pueblo, no se sume con todas sus fuerzas a las tareas de la Secretar\u00eda con todo lo que tiene en este rengl\u00f3n y m\u00e1s bien se manifieste en contra como queda claro en su medio de comunicaci\u00f3n, como negando su apoyo que es m\u00e1s que evidente.<br \/>En el fondo est\u00e1 claro\u00a0 que el patrono del grupo universidad, el se\u00f1or licenciado Gerardo Sosa no acaba de aceptar que el gobernador es el licenciado Omar Fayad, al que el pueblo eligi\u00f3 de manera abrumadora como Gobernador y por lo que se ve estorbar\u00e1 cuantas veces pueda, como de hecho ya lo hizo al inicio de su administraci\u00f3n con el caso del dinero que se le deb\u00eda a la casa de estudios y que llev\u00f3 a la amenaza de una marcha de presi\u00f3n contra el gobierno del estado que finalmente no se dio por el pago que el gobernador Omar hizo a la casa de estudios.<br \/>As\u00ed se las gasta don Gerardo en este caso de la Secretar\u00eda de Cultura en que los argumentos en contra son muy pobres, y m\u00e1s bien parte de caprichos y de una actitud de estar siempre en contra del gobierno del estado por resentimiento o por la amargura\u00a0 de saber que hay cargos a los que nunca se llegar\u00e1 porque los ciudadanos ya lo decidieron y la historia tambi\u00e9n.<br \/>Sin embargo la Secretar\u00eda va.<br \/>DON DAVID HERN\u00c1NDEZ<br \/>De acuerdo a lo que se dice en las redes sociales, los hijos de David Hern\u00e1ndez\u00a0 que ha ocupado importantes cargos en el PRI estatal, de nombres DAVID Y SAMUEL, escenificaron la madrugada del 14 de diciembre un hecho bochornoso en el bulevar Colosio frente a la Plaza Q , donde Samuel tuvo un percance en lujosa camioneta. Hasta ah\u00ed lleg\u00f3 su hermano DAVID quien para zafar a su hermano de la justicia quiso hacer valer SUS INFLUENCIAS y\u00a0 su supuesta cercan\u00eda con el gobierno actual, adem\u00e1s de ser hijo de funcionario. Finalmente y siempre de acuerdo a denuncia todo se resolvi\u00f3 con un arreglo entre los involucrados en el accidente. Por cierto, de DAVID Hijo se dice que busca la posibilidad de incorporarse a alg\u00fan cargo en el gobierno estatal o en el PRI municipal. Pero as\u00ed con estos desplantes parecer\u00eda un grave error<br \/>PERO MEJOR VIVAMOS LAS POSADAS,\u00a0 esta hermosa tradici\u00f3n que hoy inicia con c\u00e1nticos y pi\u00f1atas.\u00a0<\/p>\n","protected":false},"excerpt":{"rendered":"<p>\u00bfPOR QU\u00c9 SE OPONE EL GRUPO UNIVERSIDADA LA SECRETAR\u00cdA DE LA CULTURA&#8230;?<\/p>\n","protected":false},"author":93,"featured_media":0,"comment_status":"open","ping_status":"open","sticky":false,"template":"","format":"standard","meta":{"footnotes":""},"categories":[48],"tags":[],"class_list":["post-33529","post","type-post","status-publish","format-standard","hentry","category-adalberto-peralta"],"_links":{"self":[{"href":"https:\/\/plazajuarez.mx\/historico\/wp-json\/wp\/v2\/posts\/33529","targetHints":{"allow":["GET"]}}],"collection":[{"href":"https:\/\/plazajuarez.mx\/historico\/wp-json\/wp\/v2\/posts"}],"about":[{"href":"https:\/\/plazajuarez.mx\/historico\/wp-json\/wp\/v2\/types\/post"}],"author":[{"embeddable":true,"href":"https:\/\/plazajuarez.mx\/historico\/wp-json\/wp\/v2\/users\/93"}],"replies":[{"embeddable":true,"href":"https:\/\/plazajuarez.mx\/historico\/wp-json\/wp\/v2\/comments?post=33529"}],"version-history":[{"count":0,"href":"https:\/\/plazajuarez.mx\/historico\/wp-json\/wp\/v2\/posts\/33529\/revisions"}],"wp:attachment":[{"href":"https:\/\/plazajuarez.mx\/historico\/wp-json\/wp\/v2\/media?parent=33529"}],"wp:term":[{"taxonomy":"category","embeddable":true,"href":"https:\/\/plazajuarez.mx\/historico\/wp-json\/wp\/v2\/categories?post=33529"},{"taxonomy":"post_tag","embeddable":true,"href":"https:\/\/plazajuarez.mx\/historico\/wp-json\/wp\/v2\/tags?post=33529"}],"curies":[{"name":"wp","href":"https:\/\/api.w.org\/{rel}","templated":true}]}}