{"id":3348,"date":"2015-04-06T05:00:00","date_gmt":"2015-04-06T05:00:00","guid":{"rendered":"http:\/\/plazajuarez.mx\/index\/index.php\/2015\/04\/06\/una-mujer-visible\/"},"modified":"2015-04-06T05:00:00","modified_gmt":"2015-04-06T05:00:00","slug":"una-mujer-visible","status":"publish","type":"post","link":"https:\/\/plazajuarez.mx\/historico\/una-mujer-visible\/","title":{"rendered":"UNA MUJER VISIBLE"},"content":{"rendered":"<p><em>\u00a0<\/em><em>\u201cVida: estamos en paz\u201d.<\/em><\/p>\n<p><strong><em>Amado Nervo.<\/em><\/strong><\/p>\n<p>  <!--more-->  <\/p>\n<p>\u00a0<\/p>\n<p>Hace pocos d\u00edas, Loreto Nava S\u00e1nchez, amiga de familia desde hace muchos a\u00f1os me entreg\u00f3 en propia mano un tr\u00edptico sin pretensiones de lujo, en cuya portada destaca la fachada principal del convento de Actopan, as\u00ed como un discreto t\u00edtulo: <em>Siete D\u00e9cadas Despu\u00e9s \u00bfMujeres Invisibles?<\/em>\u00a0 Con la recomendaci\u00f3n reiterada de hacer una cr\u00edtica literaria.<\/p>\n<p>\u00a0<\/p>\n<p>Guard\u00e9 la misiva, en un momento id\u00f3neo, quit\u00e9 la cubierta transparente, abr\u00ed el folleto y comenc\u00e9 a leer:<\/p>\n<p>\u00a0<\/p>\n<p>\u201cMe he enterado que algunas personas consideran que las mujeres, a cierta edad, nos hacemos invisibles, que nuestro protagonismo en la escena de la vida declina y que nos volvemos inexistentes para un mundo <em>mejor<\/em>, digital, moderno, pero fr\u00edo en el que s\u00f3lo cabe el \u00edmpetu de los a\u00f1os j\u00f3venes\u201d.<\/p>\n<p>\u00a0<\/p>\n<p>Record\u00e9 c\u00f3mo lleg\u00f3 Lore a nuestro seno familiar:en la entra\u00f1able Ciudad de Actopan su tierra natal, del brazo de Roc\u00edo, mi esposa.\u00a0 A su personalidad, puede adecuarse cualquier adjetivo, menos el de \u201cinvisible\u201d.\u00a0 A sus setenta a\u00f1os confesos, a\u00fan resulta impresionante su presencia por el meticuloso cuidado que pone en su arreglo personal e indumentaria.\u00a0 Pulcritud hereditaria y maquillaje aplicado con naturalidad en un rostro de agradables facciones, forman el marco para la sonrisa de esta mujer, y se complementan con su cantarina voz de casi imperceptible acento huasteco (producto de su vida en Plat\u00f3n S\u00e1nchez, Ver.)Segura de s\u00ed misma, consciente del impacto de una belleza que catorce lustros despu\u00e9s a\u00fan no se pierde.\u00a0 Sus cualidades tornan pr\u00e1cticamente invisible su disminuci\u00f3n funcional de una pierna, producto de alguna desafortunada circunstancia remota.<\/p>\n<p>\u00a0<\/p>\n<p>\u201cYo no s\u00e9 si me habr\u00e9 vuelto invisible o no para el mundo; es probable pero nunca he sido tan consciente de mi existencia, como ahora, nuncame sent\u00ed tan protagonista de mi vida y nunca disfrut\u00e9 tanto de cada momento vivido\u201d expresa con emoci\u00f3n.<\/p>\n<p>\u00a0<\/p>\n<p>Seguidora del imperativo socr\u00e1tico \u201cCon\u00f3cete a ti mismo\u201d, nuestro personaje contin\u00faa: \u201cDescubr\u00ed al ser humano que sencillamente soy con sus miserias y grandezas.\u00a0 Descubr\u00ed que puedo permitirme el lujo de no ser perfecta, de estar llena de defectos, de equivocarme, de hacer cosas indebidas, de no responder a las expectativas de los dem\u00e1s y, a pesar de ello, tener a\u00fan la enorme capacidad de amar, de sentir, de vibrar\u2026\u00a0 Cuando me miro al espejo ya no busco a la que fui en el pasado; sonr\u00edo a la que soy.\u00a0 Hoy, siete d\u00e9cadas despu\u00e9s, me alegro del camino andado y asumo mis contradicciones.\u00a0 Siento que debo alegrarme por la joven que fui pero dejarla a un lado porque hoy por hoy no me interesa.\u00a0 Me interesa ser y estar. Aqu\u00ed y Ahora\u201d.<\/p>\n<p>\u00a0<\/p>\n<p>Las frases felices se hilvanan con naturalidad dentro del breve texto para compartir las sensaciones de quien, se nota, escribe con la tinta de los recuerdos en la eternidad de su alma: \u201c\u00a1Qu\u00e9 bien no sentir ese desasosiego permanente que produce correr tras los sue\u00f1os!\u00a0 \u00a1Qu\u00e9 bien poder disfrutar del silencio y de mis pensamientos!\u00a0 La vida es tan corta y el oficio de vivirla es tan dif\u00edcil que cuando uno comienza a entenderlo, ya no est\u00e1 lejos la partida.\u00a0 Por esta raz\u00f3n trato de vivirla a plenitud como si hoy fuera el \u00faltimo d\u00eda gozando cada minuto, cada te quiero, cada beso, cada abrazo, cada rayo de sol, cada amanecer, cada atardecer y cada noche \u2026\u201d.<\/p>\n<p>\u00a0<\/p>\n<p>Integrante de una cl\u00e1sica familia actopense, dice: \u201cPor mis padres, por mis hermanas y hermanos que igual que yo, viven y vivieron su realizaci\u00f3n, por mis amigas y amigos que comparten conmigo sus experiencias, en el sufrimiento y en la alegr\u00eda, por las madres del mundo que como \u00e1ngeles sin alas acompa\u00f1an a sus hijos en todo momento, por mis hijos que constituyen el motor de mi vida, doy gracias a Dios\u201d.<\/p>\n<p>\u00a0<\/p>\n<p>No ha sido f\u00e1cil, la vida de Loreto Nava S\u00e1nchez.\u00a0 La hemos visto transitar por espacios de dolor profundo; con la sensibilidad a flor de piel; con el llanto sincero en los ojos, pero siempre con entereza, con la fuerza idealista de los esp\u00edritus grandes.<\/p>\n<p>\u00a0<\/p>\n<p>Remata el peque\u00f1o tr\u00edptico, sin lugar y sin fecha: \u201cJam\u00e1s me he arrepentido ni me arrepentir\u00e9 de haber nacido mujer (ni\u00f1a, joven, amiga, esposa, madre y, hasta hoy, abuela).\u00a0 Gracias Se\u00f1or, de tu mano vine y de tu mano me ir\u00e9 cuando t\u00fa, as\u00ed lo decidas.\u201d.<\/p>\n<p>\u00a0<\/p>\n<p>Se complementa el impreso, con las sencillas ilustraciones de una ni\u00f1a en campirano columpio y una mano madura asiendo con fuerza y dignidad la empu\u00f1adura de un bast\u00f3n.<\/p>\n<p>\u00a0<\/p>\n<p>\u00c9sta no es una cr\u00edtica literaria.\u00a0 La emoci\u00f3n termin\u00f3 con mi objetividad; me envolvi\u00f3 en su magia y me llev\u00f3 de la seducci\u00f3n por lo escrito a la admiraci\u00f3n por la escritora (yo no sabia que lo es, quiz\u00e1s ella tampoco).<\/p>\n<p>\u00a0<\/p>\n<p>Gracias Lore por el privilegio de tan emotivo legado: una lecci\u00f3n de vida; un mensaje de optimismo; un ejemplo de plenitud.<\/p>\n","protected":false},"excerpt":{"rendered":"<p>\u00a0\u201cVida: estamos en paz\u201d. Amado Nervo.<\/p>\n","protected":false},"author":93,"featured_media":0,"comment_status":"open","ping_status":"open","sticky":false,"template":"","format":"standard","meta":{"footnotes":""},"categories":[50],"tags":[],"class_list":["post-3348","post","type-post","status-publish","format-standard","hentry","category-prisciliano-gutierrez"],"_links":{"self":[{"href":"https:\/\/plazajuarez.mx\/historico\/wp-json\/wp\/v2\/posts\/3348","targetHints":{"allow":["GET"]}}],"collection":[{"href":"https:\/\/plazajuarez.mx\/historico\/wp-json\/wp\/v2\/posts"}],"about":[{"href":"https:\/\/plazajuarez.mx\/historico\/wp-json\/wp\/v2\/types\/post"}],"author":[{"embeddable":true,"href":"https:\/\/plazajuarez.mx\/historico\/wp-json\/wp\/v2\/users\/93"}],"replies":[{"embeddable":true,"href":"https:\/\/plazajuarez.mx\/historico\/wp-json\/wp\/v2\/comments?post=3348"}],"version-history":[{"count":0,"href":"https:\/\/plazajuarez.mx\/historico\/wp-json\/wp\/v2\/posts\/3348\/revisions"}],"wp:attachment":[{"href":"https:\/\/plazajuarez.mx\/historico\/wp-json\/wp\/v2\/media?parent=3348"}],"wp:term":[{"taxonomy":"category","embeddable":true,"href":"https:\/\/plazajuarez.mx\/historico\/wp-json\/wp\/v2\/categories?post=3348"},{"taxonomy":"post_tag","embeddable":true,"href":"https:\/\/plazajuarez.mx\/historico\/wp-json\/wp\/v2\/tags?post=3348"}],"curies":[{"name":"wp","href":"https:\/\/api.w.org\/{rel}","templated":true}]}}