{"id":3347,"date":"2015-04-06T05:00:00","date_gmt":"2015-04-06T05:00:00","guid":{"rendered":"http:\/\/plazajuarez.mx\/index\/index.php\/2015\/04\/06\/la-pesadilla\/"},"modified":"2015-04-06T05:00:00","modified_gmt":"2015-04-06T05:00:00","slug":"la-pesadilla","status":"publish","type":"post","link":"https:\/\/plazajuarez.mx\/historico\/la-pesadilla\/","title":{"rendered":"La pesadilla"},"content":{"rendered":"<p>Gran Angular\u00a0\u00a0<\/p>\n<p>De las noticias que pudieron haber pasado desapercibidas esta Semana Santa por vacaciones hay tres que, por su significado y pr\u00f3ximas repercusiones, ameritan ser comentadas: la presentaci\u00f3n del primer avance de los criterios de pol\u00edtica econ\u00f3mica para el a\u00f1o pr\u00f3ximo, el diferendo del gobierno de M\u00e9xico con el relator de la ONU sobre tortura y el inicio formal de la guerra electoral.<\/p>\n<p>  <!--more-->  <\/p>\n<p>\u00a0<\/p>\n<ol>\n<li>La Secretar\u00eda de Hacienda present\u00f3 el martes pasado el documento conocido como Pre\u2011criterios de Pol\u00edtica Econ\u00f3mica en cumplimiento de la exigencia jur\u00eddica (art\u00edculo 42 de la Ley de Presupuesto y Responsabilidad Hacendaria) de hacerlo a m\u00e1s tardar el primero de abril del a\u00f1o correspondiente.<\/li>\n<\/ol>\n<p>Destacan estos datos que, por cierto, no muestran una evoluci\u00f3n favorable de la econom\u00eda y, mucho menos, la posibilidad de desatar un crecimiento consistente, tal y como prometi\u00f3 el gobierno una vez aprobadas las sobrevaloradas reformas estructurales.<\/p>\n<p>El crecimiento estimado fluctuar\u00e1 entre 3.3 y 4.3% del PIB, previsi\u00f3n que es pr\u00e1cticamente similar a la esperada por Hacienda para este a\u00f1o (3.2 a 4.2%) y que analistas ya han ajustado a menos de dos por ciento.<\/p>\n<p>El precio de referencia para el barril de petr\u00f3leo de exportaci\u00f3n qued\u00f3 fijado en 50 d\u00f3lares por barril, 29 d\u00f3lares por debajo del establecido en el Presupuesto de este a\u00f1o. Es claro que el precio internacional del petr\u00f3leo, que durante los \u00faltimos d\u00edas ha estado por debajo de esos 50 d\u00f3lares (44 d\u00f3lares por barril el pasado 23 de marzo), se mantendr\u00e1 deprimido en los pr\u00f3ximos meses y que, por lo mismo, es poco probable que el gobierno busque coberturas de seguro, como las que adquiri\u00f3 para este a\u00f1o. Por lo tanto, los efectos sobre los ingresos de la hacienda nacional ser\u00e1n severos (23% estiman que caer\u00e1n los ingresos petroleros).<\/p>\n<p>De ah\u00ed viene la decisi\u00f3n de recortar el presupuesto de gastos para 2016 en 135 mil millones de pesos. Este monto se suma al recorte ya hecho este a\u00f1o por 124 mil 300 millones de pesos, lo que habla del boquete que la ca\u00edda del petr\u00f3leo ha provocado en las finanzas p\u00fablicas.<\/p>\n<p>El recorte afectar\u00e1, inevitablemente, programas sociales y. por su monto, tocar\u00e1 lo que los altos mandos burocr\u00e1ticos buscan siempre evitar: el gasto corriente del gobierno. Es previsible que haya recorte de plazas en el sector p\u00fablico y, en consecuencia, mayor desempleo.<\/p>\n<p>A todo esto deber\u00e1 sumarse lo que denominan el factor externo, concentrado b\u00e1sicamente en la decisi\u00f3n que m\u00e1s pronto que tarde tomar\u00e1 la Reserva Federal de Estados Unidos (FED) de aumentar sus tasas de inter\u00e9s, lo que repercutir\u00e1 en M\u00e9xico con el encarecimiento del d\u00f3lar y del cr\u00e9dito.<\/p>\n<p>Nada halag\u00fce\u00f1o, por lo tanto, el panorama.<\/p>\n<p>\u00a0<\/p>\n<ol start=\"2\">\n<li>M\u00e1s berrinche que decisi\u00f3n de Estado de amenazar con dar por terminada la relaci\u00f3n de M\u00e9xico con el relator especial de la ONU sobre la tortura, Juan M\u00e9ndez. El funcionario hab\u00eda entregado un informe en el que concluye que la tortura en M\u00e9xico es una pr\u00e1ctica generalizada. Nada gusto al gobierno semejante aserto y lo cuestion\u00f3 por los conductos diplom\u00e1ticos. Si no hab\u00eda m\u00e1s elementos de prueba que lo contradijeran (al menos nunca se hicieron p\u00fablicos adjuntos a las declaraciones condenatorias), ah\u00ed debi\u00f3 haber quedado. Pero la Canciller\u00eda escal\u00f3 el asunto al acusar a M\u00e9ndez de haber procedido sin \u00e9tica y amenazar con romper con la relator\u00eda de la ONU. Finalmente ayer tuvo que doblar las manos y dar por terminado el diferendo. En M\u00e9xico es frecuente la tortura y los esfuerzos para evitarla han quedado en aplicables, hasta el momento, modificaciones a la ley.<\/li>\n<li>Inici\u00f3 la guerra electoral de los \u201cspots\u201d. Desde ayer y hasta el pr\u00f3ximo 3 de junio, los diez partidos pol\u00edticos podr\u00e1n promoverse gratuitamente en radio y televisi\u00f3n. El Instituto Nacional Electoral les dio once millones 356 mil 254 espacios en tiempos oficiales. Su propaganda se transmitir\u00e1 en dos mil 500 estaciones y canales de todo el pa\u00eds. Est\u00e1n en disputa dos mil 170 cargos de elecci\u00f3n popular y nueve gubernaturas.<\/li>\n<\/ol>\n<p>\u00a1Qu\u00e9 pesadilla!<\/p>\n<p>l @RaulRodriguezC<\/p>\n<p>rrodriguezangular@hotmail.com<\/p>\n<p>\u00a0<\/p>\n","protected":false},"excerpt":{"rendered":"<p>Gran Angular\u00a0\u00a0 De las noticias que pudieron haber pasado desapercibidas esta Semana Santa por vacaciones hay tres que, por su significado y pr\u00f3ximas repercusiones, ameritan ser comentadas: la presentaci\u00f3n del primer avance de los criterios de pol\u00edtica econ\u00f3mica para el a\u00f1o pr\u00f3ximo, el diferendo del gobierno de M\u00e9xico con el relator de la ONU sobre [&hellip;]<\/p>\n","protected":false},"author":93,"featured_media":0,"comment_status":"open","ping_status":"open","sticky":false,"template":"","format":"standard","meta":{"footnotes":""},"categories":[42],"tags":[],"class_list":["post-3347","post","type-post","status-publish","format-standard","hentry","category-nuestrapalabra"],"_links":{"self":[{"href":"https:\/\/plazajuarez.mx\/historico\/wp-json\/wp\/v2\/posts\/3347","targetHints":{"allow":["GET"]}}],"collection":[{"href":"https:\/\/plazajuarez.mx\/historico\/wp-json\/wp\/v2\/posts"}],"about":[{"href":"https:\/\/plazajuarez.mx\/historico\/wp-json\/wp\/v2\/types\/post"}],"author":[{"embeddable":true,"href":"https:\/\/plazajuarez.mx\/historico\/wp-json\/wp\/v2\/users\/93"}],"replies":[{"embeddable":true,"href":"https:\/\/plazajuarez.mx\/historico\/wp-json\/wp\/v2\/comments?post=3347"}],"version-history":[{"count":0,"href":"https:\/\/plazajuarez.mx\/historico\/wp-json\/wp\/v2\/posts\/3347\/revisions"}],"wp:attachment":[{"href":"https:\/\/plazajuarez.mx\/historico\/wp-json\/wp\/v2\/media?parent=3347"}],"wp:term":[{"taxonomy":"category","embeddable":true,"href":"https:\/\/plazajuarez.mx\/historico\/wp-json\/wp\/v2\/categories?post=3347"},{"taxonomy":"post_tag","embeddable":true,"href":"https:\/\/plazajuarez.mx\/historico\/wp-json\/wp\/v2\/tags?post=3347"}],"curies":[{"name":"wp","href":"https:\/\/api.w.org\/{rel}","templated":true}]}}