{"id":3346,"date":"2015-04-06T05:00:00","date_gmt":"2015-04-06T05:00:00","guid":{"rendered":"http:\/\/plazajuarez.mx\/index\/index.php\/2015\/04\/06\/el-reino-de-la-impugnacion\/"},"modified":"2015-04-06T05:00:00","modified_gmt":"2015-04-06T05:00:00","slug":"el-reino-de-la-impugnacion","status":"publish","type":"post","link":"https:\/\/plazajuarez.mx\/historico\/el-reino-de-la-impugnacion\/","title":{"rendered":"El Reino de la Impugnaci\u00f3n"},"content":{"rendered":"<p>Vitral Pol\u00edtico\u00a0\u00a0<\/p>\n<p>La mejor de las suertes, para los consejeros y magistrados que aplican una reforma electoral monstruosa y muy cara, que centraliz\u00f3 la conducci\u00f3n de procesos locales simult\u00e1neos en 17 estados, y a nivel nacional para renovar la C\u00e1mara de Diputados.<\/p>\n<p>  <!--more-->  <\/p>\n<p>\u00a0<\/p>\n<p>La fase de las campa\u00f1as electorales dio inicio con pron\u00f3stico de abundantes impugnaciones, que ya son tradicionales entre los partidos pol\u00edticos que con raz\u00f3n o sin ella denuncian actos ilegales de sus oponentes.<\/p>\n<p>El juego sucio y la violaci\u00f3n de la ley, en caso de recibir castigo, tienen un precio que se paga con las jugosas prerrogativas disponibles en la Tesorer\u00eda de la Federaci\u00f3n para que el INE financi\u00e9 las campa\u00f1as electorales y al funcionamiento de los partidos pol\u00edticos.<\/p>\n<p>A falta de \u00e9tica pol\u00edtica \u2014que desde hace a\u00f1os fue desterrada de la contienda electoral\u2014 la impugnaci\u00f3n ser\u00e1 premiada en la disputa por nueve gubernaturas, 500 diputaciones federales, as\u00ed como alcald\u00edas y diputaciones locales.<\/p>\n<p>La reforma electoral vigente, por mucho, es un monumento a la impugnaci\u00f3n anticipada. As\u00ed naci\u00f3 por la suma de las fuerzas del PAN y PRD, en el Congreso de la Uni\u00f3n, cuando tem\u00edan que el poder y popularidad de Enrique Pe\u00f1a Nieto pudieran darle mayor\u00edas m\u00e1s grandes al PRI\u2011PVEM.<\/p>\n<p>De esta manera, con legislaciones m\u00e1s complejas y aparatos monstruosos y caros para aplicarlas, los procesos electorales consumen dinero de una poblaci\u00f3n con m\u00e1s pobres&#8230;<\/p>\n<p>EMPLOMADO.\u2014 Avanza en el Senado, la propuesta original del presidente Ejecutivo y del Consejo de Administraci\u00f3n, Licenciado Juan Francisco Ealy Ortiz, de declarar como D\u00eda Nacional de la Oratoria, el primer viernes de marzo de cada a\u00f1o.<\/p>\n<p>El presidente del Senado, Miguel Barbosa Huerta (PRD) dice que a trav\u00e9s de concursos debe buscarse que la oratoria sea el v\u00ednculo para evitar confrontaciones, promover la democracia, fomentar una cultura de paz y di\u00e1logo, as\u00ed como promover los acuerdos y el sano debate de las ideas.<\/p>\n<p>Barbosa exhorta a todas las fuerzas pol\u00edticas del Senado y la C\u00e1mara de Diputados a sumar su apoyo a esta iniciativa que cuenta con el apoyo de diversas organizaciones civiles&#8230;<\/p>\n<p>VIDRIOS ROTOS.\u2014 A la carencia de medicinas, el IMSS agrega desabasto en materiales de curaci\u00f3n y hasta de oficina. Empleados y funcionarios veteranos lamentan el descuido en que se encuentra la principal instituci\u00f3n m\u00e9dica del pa\u00eds, bajo la direcci\u00f3n de Jos\u00e9 Antonio Gonz\u00e1lez Anaya.<\/p>\n<p>\u00a0<\/p>\n<p>Hay malestar entre delegados que ya se cansaron de esperar los insumos necesarios para brindar los servicios y piden que se ponga orden o de plano se instrumente un relevo en la direcci\u00f3n general, cargo en el que ven como m\u00e1s competente al director administrativo, Antonio Berumen Preciado&#8230;<\/p>\n<p>VENTANAL.\u2014 Atender la obesidad y el espectro de otras enfermedades que causa, tiene costos al alza vertiginosa. En 2000 absorbi\u00f3 35 mil millones de pesos, y en 2008 origin\u00f3 gastos de 70 mil millones de pesos. Ante esta carrera de la muerte por diabetes o hipertensi\u00f3n arterial, lo que se hace es un fracaso total.<\/p>\n<p>El senador Armando R\u00edos P\u00edter (PRD) urge la aprobaci\u00f3n de la Ley General de Prevenci\u00f3n y Control del Sobrepeso y Obesidad, la cual fue presentada en 2014 para atacar este problema de salud p\u00fablica que tiende a agravarse&#8230;<\/p>\n<p>ALTO CONTRASTE.\u2014 Disminuir el precio de las gasolinas, urge el coordinador de PAN en San L\u00e1zaro, Ricardo Anaya&#8230;<\/p>\n<p>VITRAL SOCIAL.\u2014 A\u00fan es tiempo de aportar a la colecta anual de la Cruz Roja Mexicana, abrir el sitio web: aportar.org.mx<\/p>\n<p>\u00a0<\/p>\n","protected":false},"excerpt":{"rendered":"<p>Vitral Pol\u00edtico\u00a0\u00a0 La mejor de las suertes, para los consejeros y magistrados que aplican una reforma electoral monstruosa y muy cara, que centraliz\u00f3 la conducci\u00f3n de procesos locales simult\u00e1neos en 17 estados, y a nivel nacional para renovar la C\u00e1mara de Diputados.<\/p>\n","protected":false},"author":93,"featured_media":0,"comment_status":"open","ping_status":"open","sticky":false,"template":"","format":"standard","meta":{"footnotes":""},"categories":[42],"tags":[],"class_list":["post-3346","post","type-post","status-publish","format-standard","hentry","category-nuestrapalabra"],"_links":{"self":[{"href":"https:\/\/plazajuarez.mx\/historico\/wp-json\/wp\/v2\/posts\/3346","targetHints":{"allow":["GET"]}}],"collection":[{"href":"https:\/\/plazajuarez.mx\/historico\/wp-json\/wp\/v2\/posts"}],"about":[{"href":"https:\/\/plazajuarez.mx\/historico\/wp-json\/wp\/v2\/types\/post"}],"author":[{"embeddable":true,"href":"https:\/\/plazajuarez.mx\/historico\/wp-json\/wp\/v2\/users\/93"}],"replies":[{"embeddable":true,"href":"https:\/\/plazajuarez.mx\/historico\/wp-json\/wp\/v2\/comments?post=3346"}],"version-history":[{"count":0,"href":"https:\/\/plazajuarez.mx\/historico\/wp-json\/wp\/v2\/posts\/3346\/revisions"}],"wp:attachment":[{"href":"https:\/\/plazajuarez.mx\/historico\/wp-json\/wp\/v2\/media?parent=3346"}],"wp:term":[{"taxonomy":"category","embeddable":true,"href":"https:\/\/plazajuarez.mx\/historico\/wp-json\/wp\/v2\/categories?post=3346"},{"taxonomy":"post_tag","embeddable":true,"href":"https:\/\/plazajuarez.mx\/historico\/wp-json\/wp\/v2\/tags?post=3346"}],"curies":[{"name":"wp","href":"https:\/\/api.w.org\/{rel}","templated":true}]}}