{"id":33430,"date":"2016-12-14T16:05:48","date_gmt":"2016-12-14T16:05:48","guid":{"rendered":"http:\/\/plazajuarez.mx\/index\/index.php\/2016\/12\/14\/difunden-video-de-agresion-a-senadora-ana-guevara\/"},"modified":"2016-12-14T16:05:48","modified_gmt":"2016-12-14T16:05:48","slug":"difunden-video-de-agresion-a-senadora-ana-guevara","status":"publish","type":"post","link":"https:\/\/plazajuarez.mx\/historico\/difunden-video-de-agresion-a-senadora-ana-guevara\/","title":{"rendered":"Difunden video de agresi\u00f3n a senadora Ana Guevara"},"content":{"rendered":"<p>Karina Rinc\u00f3n, la amiga de Ana Guevara que viajaba con ella el domingo pasado cuando fueron golpeadas en la autopista M\u00e9xico-Toluca, grab\u00f3 parte de la discusi\u00f3n que ambas sostuvieron con sus atacantes. &#8220;<\/p>\n<p>  <!--more-->  <\/p>\n<p>\u00bfTe das cuenta de lo que est\u00e1s haciendo? Te estoy grabando&#8221;, dice Karina a dos de los sujetos, quienes viajan en un veh\u00edculo que supuestamente golpe\u00f3 las motocicletas en el acotamiento de la autopista M\u00e9xico-Toluca.<\/p>\n<p>En una parte de la discusi\u00f3n, un hombre le dice a las mujeres: &#8220;Te voy a romper tu puta madre&#8221;. A lo que Karina responde: &#8220;T\u00fa est\u00e1s chavito, no te metas, t\u00fa pap\u00e1 est\u00e1 mal&#8221;.<\/p>\n<p>La senadora Ana Gabriela Guevara fue golpeada, seg\u00fan su dicho, por cuatro sujetos el domingo pasado en la carretera M\u00e9xico-Toluca cuando se dirig\u00eda de Valle de Bravo a la Ciudad de M\u00e9xico, lo que le provoc\u00f3 fracturas y diversas lesiones.<\/p>\n","protected":false},"excerpt":{"rendered":"<p>Karina Rinc\u00f3n, la amiga de Ana Guevara que viajaba con ella el domingo pasado cuando fueron golpeadas en la autopista M\u00e9xico-Toluca, grab\u00f3 parte de la discusi\u00f3n que ambas sostuvieron con sus atacantes. &#8220;<\/p>\n","protected":false},"author":6,"featured_media":0,"comment_status":"open","ping_status":"open","sticky":false,"template":"","format":"standard","meta":{"footnotes":""},"categories":[36],"tags":[],"class_list":["post-33430","post","type-post","status-publish","format-standard","hentry","category-nacion"],"_links":{"self":[{"href":"https:\/\/plazajuarez.mx\/historico\/wp-json\/wp\/v2\/posts\/33430","targetHints":{"allow":["GET"]}}],"collection":[{"href":"https:\/\/plazajuarez.mx\/historico\/wp-json\/wp\/v2\/posts"}],"about":[{"href":"https:\/\/plazajuarez.mx\/historico\/wp-json\/wp\/v2\/types\/post"}],"author":[{"embeddable":true,"href":"https:\/\/plazajuarez.mx\/historico\/wp-json\/wp\/v2\/users\/6"}],"replies":[{"embeddable":true,"href":"https:\/\/plazajuarez.mx\/historico\/wp-json\/wp\/v2\/comments?post=33430"}],"version-history":[{"count":0,"href":"https:\/\/plazajuarez.mx\/historico\/wp-json\/wp\/v2\/posts\/33430\/revisions"}],"wp:attachment":[{"href":"https:\/\/plazajuarez.mx\/historico\/wp-json\/wp\/v2\/media?parent=33430"}],"wp:term":[{"taxonomy":"category","embeddable":true,"href":"https:\/\/plazajuarez.mx\/historico\/wp-json\/wp\/v2\/categories?post=33430"},{"taxonomy":"post_tag","embeddable":true,"href":"https:\/\/plazajuarez.mx\/historico\/wp-json\/wp\/v2\/tags?post=33430"}],"curies":[{"name":"wp","href":"https:\/\/api.w.org\/{rel}","templated":true}]}}