{"id":33428,"date":"2016-12-14T12:35:51","date_gmt":"2016-12-14T12:35:51","guid":{"rendered":"http:\/\/plazajuarez.mx\/index\/index.php\/2016\/12\/14\/pide-el-gobernador-omar-fayad-redireccionar-cultivos-en-hidalgo\/"},"modified":"2016-12-14T12:35:51","modified_gmt":"2016-12-14T12:35:51","slug":"pide-el-gobernador-omar-fayad-redireccionar-cultivos-en-hidalgo","status":"publish","type":"post","link":"https:\/\/plazajuarez.mx\/historico\/pide-el-gobernador-omar-fayad-redireccionar-cultivos-en-hidalgo\/","title":{"rendered":"Pide el gobernador Omar Fayad redireccionar cultivos en Hidalgo"},"content":{"rendered":"<p>Buscar cultivar productos que generen mayor capital y poner atenci\u00f3n en la cadena productiva para dar valor agregado<\/p>\n<p>  <!--more-->  <\/p>\n<p>Tras encabezar los trabajos de la Segunda Sesi\u00f3n del Consejo Estatal para el Desarrollo Rural Sustentable, el gobernador de la entidad, Omar Fayad Meneses, pidi\u00f3 a los consejeros establecer una agenda de trabajo en la que se analicen los tipos de cultivos que pueden generar m\u00e1s recursos en menos tiempo, as\u00ed como las vocaciones regionales de todo el estado a fin de apostar por nuevos cultivos y nuevas estrategias que permitan lograr un verdadero desarrollo del campo en el estado.<\/p>\n<p>Por lo anterior se\u00f1al\u00f3 que productos como el caf\u00e9 no son rentables ya que el dinero se encuentra en las \u201ctazas de caf\u00e9\u201d no en los cultivos, por lo que enfatiz\u00f3 que es necesario hacer un an\u00e1lisis de la situaci\u00f3n del campo, as\u00ed como de las cadenas productivas a fin de que se pueda involucrar a\u00a0 los campesinos en estas y sean ellos mismos los que den el valor agregado al producto.<\/p>\n<p>Fayad Meneses se pronunci\u00f3 en contra del \u201ccoyotaje\u201d, y critic\u00f3 las cifras y los lugares de producci\u00f3n que ocupa Hidalgo en diversos productos en la escala nacional,\u00a0 mismos que dijo \u201cson desde los tiempos de Fox\u201d, y record\u00f3 la forma en que Guanajuato le quit\u00f3 algunos pelda\u00f1os en lo referente a producci\u00f3n del campo, a la entidad.<\/p>\n<p>\u201cTrabajaremos por impulsar a los peque\u00f1os productores, con programas que les permitan rescatar el campo y reactivar la producci\u00f3n, impulsaremos el programa Activos Productivos, con el objetivo\u00a0 de crear un mayor desarrollo\u00a0 rural y sacar adelante a peque\u00f1os productores\u201d, dijo.<\/p>\n<p>Finalmente apunt\u00f3 que de los recortes administrativos que ha hecho, todav\u00eda ninguno ha tocado a la Secretar\u00eda de Desarrollo Agropecuario (Sedagroh), sin embargo no descart\u00f3 que pueda haber algunos, por lo que hizo un llamado a las organizaciones campesinas que asistieron para que le ayuden a detectar si hay duplicidad de funciones, corrupci\u00f3n o alguna otra anomal\u00eda dentro de la dependencia, con el objetivo de hacer la depuraci\u00f3n pertinente.<\/p>\n","protected":false},"excerpt":{"rendered":"<p>Buscar cultivar productos que generen mayor capital y poner atenci\u00f3n en la cadena productiva para dar valor agregado<\/p>\n","protected":false},"author":93,"featured_media":0,"comment_status":"open","ping_status":"open","sticky":false,"template":"","format":"standard","meta":{"footnotes":""},"categories":[59],"tags":[],"class_list":["post-33428","post","type-post","status-publish","format-standard","hentry","category-general"],"_links":{"self":[{"href":"https:\/\/plazajuarez.mx\/historico\/wp-json\/wp\/v2\/posts\/33428","targetHints":{"allow":["GET"]}}],"collection":[{"href":"https:\/\/plazajuarez.mx\/historico\/wp-json\/wp\/v2\/posts"}],"about":[{"href":"https:\/\/plazajuarez.mx\/historico\/wp-json\/wp\/v2\/types\/post"}],"author":[{"embeddable":true,"href":"https:\/\/plazajuarez.mx\/historico\/wp-json\/wp\/v2\/users\/93"}],"replies":[{"embeddable":true,"href":"https:\/\/plazajuarez.mx\/historico\/wp-json\/wp\/v2\/comments?post=33428"}],"version-history":[{"count":0,"href":"https:\/\/plazajuarez.mx\/historico\/wp-json\/wp\/v2\/posts\/33428\/revisions"}],"wp:attachment":[{"href":"https:\/\/plazajuarez.mx\/historico\/wp-json\/wp\/v2\/media?parent=33428"}],"wp:term":[{"taxonomy":"category","embeddable":true,"href":"https:\/\/plazajuarez.mx\/historico\/wp-json\/wp\/v2\/categories?post=33428"},{"taxonomy":"post_tag","embeddable":true,"href":"https:\/\/plazajuarez.mx\/historico\/wp-json\/wp\/v2\/tags?post=33428"}],"curies":[{"name":"wp","href":"https:\/\/api.w.org\/{rel}","templated":true}]}}