{"id":33427,"date":"2016-12-14T12:35:18","date_gmt":"2016-12-14T12:35:18","guid":{"rendered":"http:\/\/plazajuarez.mx\/index\/index.php\/2016\/12\/14\/huejutla-debe-contar-con-una-entrada-digna-y-no-la-de-un-pueblote\/"},"modified":"2016-12-14T12:35:18","modified_gmt":"2016-12-14T12:35:18","slug":"huejutla-debe-contar-con-una-entrada-digna-y-no-la-de-un-pueblote","status":"publish","type":"post","link":"https:\/\/plazajuarez.mx\/historico\/huejutla-debe-contar-con-una-entrada-digna-y-no-la-de-un-pueblote\/","title":{"rendered":"Huejutla debe contar con una entrada digna y no la de un pueblote"},"content":{"rendered":"<p>Afirma Daniel Andrade<br \/>Necesario concretar la carretera a cuatro carriles en el tramo Huejutla-Tehuetl\u00e1n<\/p>\n<p>  <!--more-->  <\/p>\n<p>Al hacer un breve balance de sus aproximadamente 90 d\u00edas de quehacer legislativo, el diputado local del Partido Encuentro Social (PES), Daniel Andrade Zurutuza, destac\u00f3 los avances que se tienen en la gesti\u00f3n y aprobaci\u00f3n de recursos del orden federal para concretar la carretera a cuatro carriles en el tramo Huejutla-Tehuetl\u00e1n, y para lo cual se encuentran ya etiquetados 217 millones de pesos, m\u00e1s 200 millones de aportaci\u00f3n del gobierno del estado que encabeza Omar Fayad Meneses, lo que da una inversi\u00f3n total de 417 millones para hacer llegar esta v\u00eda hasta el Hospital Regional. Aunque lo ideal, dijo, ser\u00eda conseguir un monto de 600 millones para que cuando menos llegue a la colonia Primero de Mayo, o en el mejor de los casos hasta la cl\u00ednica del ISSSTE, con lo que se le dar\u00eda una entrada digna a esta ciudad, y que no se le siga viendo s\u00f3lo como la entrada de un pueblote.<\/p>\n<p>Recuperar producci\u00f3n de los a\u00f1os 70<br \/>Andrade Zurutuza destac\u00f3 que a la par de este ambicioso proyecto se busca recuperar el potencial productivo que tuviera la Huasteca en los a\u00f1os 70, impulsando su riqueza en producci\u00f3n y el comercio para que a la gente, y sobre todo al campesino, le vaya mejor.<br \/>Por lo anterior, reiter\u00f3, es de capital importancia la concreci\u00f3n de la carretera Pachuca-Huejutla; \u201cno obstante hay que reconocer que la regi\u00f3n de la sierra presenta una orograf\u00eda muy accidentada, son m\u00e1s de 66 kil\u00f3metros que no permiten avanzar el proyecto completo como se quisiera, por lo que un proyecto de gran visi\u00f3n que tiene el Gobernador, es la creaci\u00f3n de t\u00faneles en los puntos m\u00e1s cr\u00edticos. Pero habr\u00eda que considerar que la construcci\u00f3n de \u00e9stos afectar\u00edan el tr\u00e1nsito por esa \u00fanica v\u00eda que hay\u201d.<\/p>\n","protected":false},"excerpt":{"rendered":"<p>Afirma Daniel AndradeNecesario concretar la carretera a cuatro carriles en el tramo Huejutla-Tehuetl\u00e1n<\/p>\n","protected":false},"author":93,"featured_media":0,"comment_status":"open","ping_status":"open","sticky":false,"template":"","format":"standard","meta":{"footnotes":""},"categories":[59],"tags":[],"class_list":["post-33427","post","type-post","status-publish","format-standard","hentry","category-general"],"_links":{"self":[{"href":"https:\/\/plazajuarez.mx\/historico\/wp-json\/wp\/v2\/posts\/33427","targetHints":{"allow":["GET"]}}],"collection":[{"href":"https:\/\/plazajuarez.mx\/historico\/wp-json\/wp\/v2\/posts"}],"about":[{"href":"https:\/\/plazajuarez.mx\/historico\/wp-json\/wp\/v2\/types\/post"}],"author":[{"embeddable":true,"href":"https:\/\/plazajuarez.mx\/historico\/wp-json\/wp\/v2\/users\/93"}],"replies":[{"embeddable":true,"href":"https:\/\/plazajuarez.mx\/historico\/wp-json\/wp\/v2\/comments?post=33427"}],"version-history":[{"count":0,"href":"https:\/\/plazajuarez.mx\/historico\/wp-json\/wp\/v2\/posts\/33427\/revisions"}],"wp:attachment":[{"href":"https:\/\/plazajuarez.mx\/historico\/wp-json\/wp\/v2\/media?parent=33427"}],"wp:term":[{"taxonomy":"category","embeddable":true,"href":"https:\/\/plazajuarez.mx\/historico\/wp-json\/wp\/v2\/categories?post=33427"},{"taxonomy":"post_tag","embeddable":true,"href":"https:\/\/plazajuarez.mx\/historico\/wp-json\/wp\/v2\/tags?post=33427"}],"curies":[{"name":"wp","href":"https:\/\/api.w.org\/{rel}","templated":true}]}}