{"id":33422,"date":"2016-12-14T12:30:11","date_gmt":"2016-12-14T12:30:11","guid":{"rendered":"http:\/\/plazajuarez.mx\/index\/index.php\/2016\/12\/14\/estados-unidos-ante-el-nuevo-orden-mundial\/"},"modified":"2016-12-14T12:30:11","modified_gmt":"2016-12-14T12:30:11","slug":"estados-unidos-ante-el-nuevo-orden-mundial","status":"publish","type":"post","link":"https:\/\/plazajuarez.mx\/historico\/estados-unidos-ante-el-nuevo-orden-mundial\/","title":{"rendered":"Estados Unidos ante el nuevo orden mundial"},"content":{"rendered":"<p>Desde su fundaci\u00f3n, Estados Unidos se ha distinguido por su f\u00e9rreo pragmatismo como forma de vida. Ese comportamiento supone \u2014como corriente filos\u00f3fica\u2014 que lo que invariablemente ha considerado esa joven naci\u00f3n para su c\u00e1lculo pol\u00edtico, son en realidad los efectos medibles de sus acciones, orientadas regularmente al logro de su beneficio, utilidad o provecho.<\/p>\n<p>  <!--more-->  <\/p>\n<p>Su \u00e9xito es sin duda irrefutable: hoy en d\u00eda son la \u00fanica superpotencia. No obstante, la globalizaci\u00f3n econ\u00f3mica, que fue concebida por el gobierno de Washington como el mecanismo id\u00f3neo para la expansi\u00f3n universal del capitalismo de mercado, ha supuesto \u2014en realidad\u2014 una serie de nuevos y formidables retos en el siglo XXI, los cuales a\u00fan no ha sabido c\u00f3mo encararlos el propio pa\u00eds norteamericano. <br \/>Efectivamente: bajo las reglas del mercado global, en los \u00e1mbitos comercial, empresarial e intelectual, los beneficios que produce la nueva econom\u00eda multilateral, tambi\u00e9n favorecen a los pa\u00edses que saben c\u00f3mo aprovecharse de sus diversas bondades. El supuesto mod\u00e9lico es China, quien ha adoptado el capitalismo frontal hacia el exterior y el de car\u00e1cter progresivo hacia el interior.<br \/>Distintas econom\u00edas, como la de los Tigres Asi\u00e1ticos, India, Brasil, Rusia, Polonia y M\u00e9xico, tambi\u00e9n han supuesto un duro golpe para las viejas econom\u00edas capitalistas, como ha sido patente para los pa\u00edses de Europa Central, quienes no han sido capaces de preservar el Estado del bienestar, justamente a la par de ser competitivos en el \u00e1mbito del comercio internacional, todo ello en dem\u00e9rito de sus habitantes. <br \/>El dilema para los gobiernos en turno no es sencillo, ya que ser exitoso en el mercado global supone no solamente la flexibilizaci\u00f3n comercial, de inversiones y aranceles, sino tambi\u00e9n en las materias financiera, laboral, fiscal y administrativa; todo lo que se ha traducido en descenso en la calidad de vida de millones de trabajadores europeos y norteamericanos, esto \u00faltimo seg\u00fan lo demostr\u00f3 su reciente elecci\u00f3n presidencial. <br \/>Indiscutiblemente, este complejo fen\u00f3meno se trata de una nueva lucha planetaria por los escasos recursos, pero ahora no entre el Norte y el Sur, especialmente por territorios y materias primas, sino entre las viejas potencias econ\u00f3micas versus los pa\u00edses en desarrollo que est\u00e1n dispuestos a sacrificar su presente por un futuro mejor y que a su vez apuestan por la innovaci\u00f3n, por la educaci\u00f3n y por el trabajo.<br \/>Los grandes capitales mundiales, de fuente occidental o no, sin otra naci\u00f3n que la del inter\u00e9s que se basa en su propia utilidad econ\u00f3mica, l\u00f3gicamente se han beneficiado del nuevo contexto con ingentes ganancias a costa de las clases media y baja de los pa\u00edses desarrollados, lo que ha provocado una situaci\u00f3n hasta hace poco inimaginable: que los trabajadores europeos y norteamericanos no apoyen a los partidos progresistas que anta\u00f1o ve\u00edan por sus intereses colectivos. <br \/>Se trata de grandes masas que se sienten traicionadas por su clase pol\u00edtica, mismas que \u2014al no encontrar respuestas expeditas frente a lo que consideran una amenaza con relaci\u00f3n a sus derechos adquiridos\u2014 prefieren actuar bajo la regla del miedo, por lo que giran sin mucho problema hacia la derecha, hacia el racismo, hacia la xenofobia y hac\u00eda la violencia; es decir, act\u00faan motivados siempre por el recelo de lo que resulta extra\u00f1o, for\u00e1neo y desconocido.<br \/>En suma, para resolver las ins\u00f3litas dificultades que presenta el orden mundial en gestaci\u00f3n, EU no podr\u00e1 recurrir, para conseguir sus prop\u00f3sitos como la naci\u00f3n m\u00e1s poderosa de la Tierra \u2014y como s\u00ed lo han hecho en discutibles cap\u00edtulos de su breve historia\u2014 a la violencia, la amenaza y la fuerza. La negociaci\u00f3n, el di\u00e1logo y la paz deber\u00e1n ser los \u00fanicos instrumentos para encauzar su pragmatismo, a\u00fan bajo el incierto mandato de un hombre aparentemente radical como Trump.<\/p>\n<p><\/p>\n","protected":false},"excerpt":{"rendered":"<p>Desde su fundaci\u00f3n, Estados Unidos se ha distinguido por su f\u00e9rreo pragmatismo como forma de vida. Ese comportamiento supone \u2014como corriente filos\u00f3fica\u2014 que lo que invariablemente ha considerado esa joven naci\u00f3n para su c\u00e1lculo pol\u00edtico, son en realidad los efectos medibles de sus acciones, orientadas regularmente al logro de su beneficio, utilidad o provecho.<\/p>\n","protected":false},"author":93,"featured_media":0,"comment_status":"open","ping_status":"open","sticky":false,"template":"","format":"standard","meta":{"footnotes":""},"categories":[42],"tags":[],"class_list":["post-33422","post","type-post","status-publish","format-standard","hentry","category-nuestrapalabra"],"_links":{"self":[{"href":"https:\/\/plazajuarez.mx\/historico\/wp-json\/wp\/v2\/posts\/33422","targetHints":{"allow":["GET"]}}],"collection":[{"href":"https:\/\/plazajuarez.mx\/historico\/wp-json\/wp\/v2\/posts"}],"about":[{"href":"https:\/\/plazajuarez.mx\/historico\/wp-json\/wp\/v2\/types\/post"}],"author":[{"embeddable":true,"href":"https:\/\/plazajuarez.mx\/historico\/wp-json\/wp\/v2\/users\/93"}],"replies":[{"embeddable":true,"href":"https:\/\/plazajuarez.mx\/historico\/wp-json\/wp\/v2\/comments?post=33422"}],"version-history":[{"count":0,"href":"https:\/\/plazajuarez.mx\/historico\/wp-json\/wp\/v2\/posts\/33422\/revisions"}],"wp:attachment":[{"href":"https:\/\/plazajuarez.mx\/historico\/wp-json\/wp\/v2\/media?parent=33422"}],"wp:term":[{"taxonomy":"category","embeddable":true,"href":"https:\/\/plazajuarez.mx\/historico\/wp-json\/wp\/v2\/categories?post=33422"},{"taxonomy":"post_tag","embeddable":true,"href":"https:\/\/plazajuarez.mx\/historico\/wp-json\/wp\/v2\/tags?post=33422"}],"curies":[{"name":"wp","href":"https:\/\/api.w.org\/{rel}","templated":true}]}}