{"id":33421,"date":"2016-12-14T12:29:26","date_gmt":"2016-12-14T12:29:26","guid":{"rendered":"http:\/\/plazajuarez.mx\/index\/index.php\/2016\/12\/14\/admitiran-error-de-haber-sacado-al-ejercito\/"},"modified":"2016-12-14T12:29:26","modified_gmt":"2016-12-14T12:29:26","slug":"admitiran-error-de-haber-sacado-al-ejercito","status":"publish","type":"post","link":"https:\/\/plazajuarez.mx\/historico\/admitiran-error-de-haber-sacado-al-ejercito\/","title":{"rendered":"\u00bfAdmitir\u00e1n error de haber sacado al ej\u00e9rcito?"},"content":{"rendered":"<p>Dr. Netas te receta la neta&#8230;<\/p>\n<p>  <!--more-->  <\/p>\n<p>Querido Doctor: El general Salvador Cienfuegos, titular de la Secretar\u00eda de la Defensa Nacional, se\u00f1al\u00f3 que ya es necesario que los militares regresen a los cuarteles y a realizar las tareas que les corresponden porque no est\u00e1n preparados para perseguir a delincuentes ya que su funci\u00f3n es otra\u2026 \u00bfusted cree que las autoridades finalmente se dar\u00e1n cuenta del error que signific\u00f3 el haber sacado al Ej\u00e9rcito a las calles? Atte. Daniel O.<br \/>Intrigado Daniel O: Es muy probable que los militares regresen pronto a sus cuarteles, pero no porque las autoridades reconozcan que fue un error haber puesto a la milicia a desempe\u00f1ar el papel de polic\u00edas, sino porque aparentemente en este pa\u00eds, todo mundo hace lo que le da la gana.<br \/>Admirado Doctor: Mientras el titular del gobierno capitalino, Miguel \u00c1ngel Mancera, asegura que vetar\u00e1 cualquier nuevo impuesto, los integrantes de la Asamblea capitalina siguen adelante con la pretensi\u00f3n de gravar la plusval\u00eda que los inmuebles puedan generar debido a obras de gobierno. Ante este escenario, \u00bfqu\u00e9 cree usted que deber\u00edamos esperar los capitalinos? Atte. Amolado<br \/>Dolido Amolado: Tomando en cuenta la forma en que a las autoridades les gusta abusar de los contribuyentes, considero que lo que los capitalinos debemos esperar es exactamente lo mismo que las novias esperan que ocurra cuando inician su Luna de Miel.<br \/>Venerado Doctor: A pesar de todas las cosas que pasan en M\u00e9xico y el mundo, un evento captur\u00f3 la atenci\u00f3n de todos y ese fue el de los 15 a\u00f1os de Rub\u00ed, una chica de San Luis Potos\u00ed cuyos padres tuvieron la ocurrencia de realizar una invitaci\u00f3n en video que subieron a Facebook y se hizo viral. \u00bfPor qu\u00e9 cree que le hayamos dedicado tanto tiempo a esta tonter\u00eda y se lo neguemos a eventos de mayor trascendencia? Atte. Marco I.<br \/>Irritado Marco I: Mi primera teor\u00eda es que la atenci\u00f3n que hemos dedicado al evento que mencionas podr\u00eda deberse a que, entre tantas malas noticias, la invitaci\u00f3n abierta a los 15 a\u00f1os de Ruby surgi\u00f3 como una noticia inocente que logr\u00f3 poner un tema amable en todas las conversaciones; y mi segunda teor\u00eda sobre el por qu\u00e9 este tema acapar\u00f3 o\u00eddos y miradas, es que en M\u00e9xico, como bien debes saber, \u2018a la gorra, ni quien le corra\u2019.<br \/>Amable Doctor: Humberto Moreira, ex gobernador que dej\u00f3 a Coahuila sumido en una multimillonaria deuda, anunci\u00f3 sus intenciones de contender por una candidatura a la c\u00e1mara de diputados\u2026 \u00bfno cree usted que es demasiado el cinismo de este sujeto como para pretender hacerse de a\u00fan m\u00e1s dinero? Atte. G. G.<br \/>Irritado G. G: Es obvio suponer que lo que Moreira quiere no es sueldo, sino fuero. As\u00ed las cosas, no creo que debamos llamar c\u00ednico al ex gobernador por querer seguir viviendo del presupuesto. Lo deber\u00edamos llamar c\u00ednico porque despu\u00e9s de todo lo robado, ahora busca impunidad.<\/p>\n<p><\/p>\n","protected":false},"excerpt":{"rendered":"<p>Dr. Netas te receta la neta&#8230;<\/p>\n","protected":false},"author":93,"featured_media":0,"comment_status":"open","ping_status":"open","sticky":false,"template":"","format":"standard","meta":{"footnotes":""},"categories":[42],"tags":[],"class_list":["post-33421","post","type-post","status-publish","format-standard","hentry","category-nuestrapalabra"],"_links":{"self":[{"href":"https:\/\/plazajuarez.mx\/historico\/wp-json\/wp\/v2\/posts\/33421","targetHints":{"allow":["GET"]}}],"collection":[{"href":"https:\/\/plazajuarez.mx\/historico\/wp-json\/wp\/v2\/posts"}],"about":[{"href":"https:\/\/plazajuarez.mx\/historico\/wp-json\/wp\/v2\/types\/post"}],"author":[{"embeddable":true,"href":"https:\/\/plazajuarez.mx\/historico\/wp-json\/wp\/v2\/users\/93"}],"replies":[{"embeddable":true,"href":"https:\/\/plazajuarez.mx\/historico\/wp-json\/wp\/v2\/comments?post=33421"}],"version-history":[{"count":0,"href":"https:\/\/plazajuarez.mx\/historico\/wp-json\/wp\/v2\/posts\/33421\/revisions"}],"wp:attachment":[{"href":"https:\/\/plazajuarez.mx\/historico\/wp-json\/wp\/v2\/media?parent=33421"}],"wp:term":[{"taxonomy":"category","embeddable":true,"href":"https:\/\/plazajuarez.mx\/historico\/wp-json\/wp\/v2\/categories?post=33421"},{"taxonomy":"post_tag","embeddable":true,"href":"https:\/\/plazajuarez.mx\/historico\/wp-json\/wp\/v2\/tags?post=33421"}],"curies":[{"name":"wp","href":"https:\/\/api.w.org\/{rel}","templated":true}]}}