{"id":33271,"date":"2016-12-11T15:55:23","date_gmt":"2016-12-11T15:55:23","guid":{"rendered":"http:\/\/plazajuarez.mx\/index\/index.php\/2016\/12\/11\/vargas-llosa-y-su-conservadurismo-recalcitrante\/"},"modified":"2016-12-11T15:55:23","modified_gmt":"2016-12-11T15:55:23","slug":"vargas-llosa-y-su-conservadurismo-recalcitrante","status":"publish","type":"post","link":"https:\/\/plazajuarez.mx\/historico\/vargas-llosa-y-su-conservadurismo-recalcitrante\/","title":{"rendered":"Vargas Llosa y su conservadurismo recalcitrante"},"content":{"rendered":"<p>HOMO POLITICUS<\/p>\n<p>  <!--more-->  <\/p>\n<p>Mario Vargas Llosa es sin duda un literato magistral, me he cagado de la risa con \u201cPantale\u00f3n y las visitadoras\u201d, o con \u201cla T\u00eda Julia\u201d, entre otras novelas; pero, pero, pero, cuando se trata de analizar su talante pol\u00edtico, creo que se convierte en un pordiosero. <\/p>\n<p>Me cago en la leche. <\/p>\n<p>Vargas Llosa condensa fuera de su actividad literaria un discurso conservador y recalcitrante; no pudo, inclusive, por estas condiciones ser presidente de su natal Per\u00fa, cuesti\u00f3n que lo hizo encabronarse y marcar un autoexilio que lo llev\u00f3 a Espa\u00f1a, donde se naturaliz\u00f3 y vive destilando mierda. <\/p>\n<p>Hist\u00f3ricamente, Vargas Llosa ha estado ligado a las elites de poder, en los hechos, a los grupos conservadores en Per\u00fa y ahora en Espa\u00f1a; pasando a increpar en Espa\u00f1a a PODEMOS y a la incursi\u00f3n separatista catalana, cosa que ha ca\u00eddo como bomba y que, lo aleja de las cuestiones progresistas en Espa\u00f1a. <\/p>\n<p>Sobresale de su figura el blof arist\u00f3crata en el cual se pretende desenvolver, erigi\u00e9ndose por cierto, en el portador de la cultura de sobremesa o de bolsillo de los arist\u00f3cratas, que con un halo de \u201cinter\u00e9s\u201d, lo han hecho su ap\u00f3stol. <\/p>\n<p>Es de cagarse de la risa ver a Vargas Llosa en la portada de la revista \u201cHola\u201d, donde coexiste con cacat\u00faas y ping\u00fcinos, en una serie de festines orgi\u00e1sticos donde la literatura queda al margen y los excesos del escritor peruano salen a flote, en una especie, de desfile de modas que cuenta, inclusive, con alfombra roja. <\/p>\n<p>En fin, el desencuentro absoluto con una figura que parece revestir una autoridad moral que no tiene y, que deambula por ferias del libro, dando consejos sobre a qui\u00e9n absolver\u00e1 o no la historia, cuesti\u00f3n que nos hace preguntar: \u00bfcon qu\u00e9 autoridad moral?<\/p>\n","protected":false},"excerpt":{"rendered":"<p>HOMO POLITICUS<\/p>\n","protected":false},"author":93,"featured_media":0,"comment_status":"open","ping_status":"open","sticky":false,"template":"","format":"standard","meta":{"footnotes":""},"categories":[57],"tags":[],"class_list":["post-33271","post","type-post","status-publish","format-standard","hentry","category-carlos-barra-moulain"],"_links":{"self":[{"href":"https:\/\/plazajuarez.mx\/historico\/wp-json\/wp\/v2\/posts\/33271","targetHints":{"allow":["GET"]}}],"collection":[{"href":"https:\/\/plazajuarez.mx\/historico\/wp-json\/wp\/v2\/posts"}],"about":[{"href":"https:\/\/plazajuarez.mx\/historico\/wp-json\/wp\/v2\/types\/post"}],"author":[{"embeddable":true,"href":"https:\/\/plazajuarez.mx\/historico\/wp-json\/wp\/v2\/users\/93"}],"replies":[{"embeddable":true,"href":"https:\/\/plazajuarez.mx\/historico\/wp-json\/wp\/v2\/comments?post=33271"}],"version-history":[{"count":0,"href":"https:\/\/plazajuarez.mx\/historico\/wp-json\/wp\/v2\/posts\/33271\/revisions"}],"wp:attachment":[{"href":"https:\/\/plazajuarez.mx\/historico\/wp-json\/wp\/v2\/media?parent=33271"}],"wp:term":[{"taxonomy":"category","embeddable":true,"href":"https:\/\/plazajuarez.mx\/historico\/wp-json\/wp\/v2\/categories?post=33271"},{"taxonomy":"post_tag","embeddable":true,"href":"https:\/\/plazajuarez.mx\/historico\/wp-json\/wp\/v2\/tags?post=33271"}],"curies":[{"name":"wp","href":"https:\/\/api.w.org\/{rel}","templated":true}]}}